{"id":97303,"date":"2023-02-03T15:15:57","date_gmt":"2023-02-03T18:15:57","guid":{"rendered":"https:\/\/primicias2262.com\/?p=97303"},"modified":"2023-02-03T15:15:57","modified_gmt":"2023-02-03T18:15:57","slug":"este-sabado-habra-jornada-especial-de-vacunacion-covid-en-el-caps-norte","status":"publish","type":"post","link":"https:\/\/primicias2262.com\/noticias\/este-sabado-habra-jornada-especial-de-vacunacion-covid-en-el-caps-norte\/","title":{"rendered":"Este s\u00e1bado habr\u00e1 jornada especial de vacunaci\u00f3n Covid en el CAPS Norte"},"content":{"rendered":"<p><strong>Ser\u00e1 de 8 a 14 en el Centro de Salud de calle 66 N\u00ba 2365, con todas las dosis, incluidas las Pfizer bivalentes llegadas recientemente, y para todas las edades.<\/strong><\/p>\n<p>La Secretar\u00eda de Salud municipal, a cargo de Andrea Perestiuk, anuncia que este s\u00e1bado 4 de febrero se realizar\u00e1 una jornada especial de vacunaci\u00f3n Covid en el CAPS Norte, ubicado en calle 66 N\u00ba 2365.<\/p>\n<p>El operativo se extender\u00e1 de 8 a 14 hs., estar\u00e1 destinado a todas las edades y se podr\u00e1n aplicar la dosis que precise cada uno, incluida la Pfizer bivalente de refuerzo que lleg\u00f3 al distrito durante esta semana, en este caso para mayores de 18.<\/p>\n<p>Este operativo, vale destacar, se organiz\u00f3 durante los s\u00e1bados de enero en el Centro de Salud Flores y tuvo una importante afluencia de p\u00fablico, aunque tanto los casos de Covid como la campa\u00f1a de vacunaci\u00f3n tendieron a disminuir, por lo que se vuelve a hacer \u00e9nfasis en la importancia de inocularse. Actualmente, son solo nueve los casos de Covid en el distrito.<\/p>\n<p>Adem\u00e1s de estos operativos, se recuerda que de lunes a viernes hay dos postas habilitadas para vacunaci\u00f3n: CAPS Fomento en 519 N\u00ba 2267 y CAPS Sudoeste en 58 y 81.<\/p>\n","protected":false},"excerpt":{"rendered":"<p>Ser\u00e1 de 8 a 14 en el Centro de Salud de calle 66 N\u00ba 2365, con todas las dosis, incluidas las Pfizer bivalentes llegadas recientemente, y para todas las edades. La Secretar\u00eda de Salud municipal, a cargo de Andrea Perestiuk, anuncia que este s\u00e1bado 4 de febrero se realizar\u00e1 una jornada especial de vacunaci\u00f3n Covid [&hellip;]<\/p>\n","protected":false},"author":3,"featured_media":97301,"comment_status":"closed","ping_status":"closed","sticky":false,"template":"","format":"standard","meta":{"footnotes":""},"categories":[3],"tags":[],"class_list":["post-97303","post","type-post","status-publish","format-standard","has-post-thumbnail","category-masnoticias"],"_links":{"self":[{"href":"https:\/\/primicias2262.com\/noticias\/wp-json\/wp\/v2\/posts\/97303","targetHints":{"allow":["GET"]}}],"collection":[{"href":"https:\/\/primicias2262.com\/noticias\/wp-json\/wp\/v2\/posts"}],"about":[{"href":"https:\/\/primicias2262.com\/noticias\/wp-json\/wp\/v2\/types\/post"}],"author":[{"embeddable":true,"href":"https:\/\/primicias2262.com\/noticias\/wp-json\/wp\/v2\/users\/3"}],"replies":[{"embeddable":true,"href":"https:\/\/primicias2262.com\/noticias\/wp-json\/wp\/v2\/comments?post=97303"}],"version-history":[{"count":0,"href":"https:\/\/primicias2262.com\/noticias\/wp-json\/wp\/v2\/posts\/97303\/revisions"}],"wp:attachment":[{"href":"https:\/\/primicias2262.com\/noticias\/wp-json\/wp\/v2\/media?parent=97303"}],"wp:term":[{"taxonomy":"category","embeddable":true,"href":"https:\/\/primicias2262.com\/noticias\/wp-json\/wp\/v2\/categories?post=97303"},{"taxonomy":"post_tag","embeddable":true,"href":"https:\/\/primicias2262.com\/noticias\/wp-json\/wp\/v2\/tags?post=97303"}],"curies":[{"name":"wp","href":"https:\/\/api.w.org\/{rel}","templated":true}]}}