{"id":97317,"date":"2023-02-03T21:30:44","date_gmt":"2023-02-04T00:30:44","guid":{"rendered":"https:\/\/primicias2262.com\/?p=97317"},"modified":"2023-02-03T21:30:44","modified_gmt":"2023-02-04T00:30:44","slug":"una-colorida-y-epica-muestra-en-el-parque-definio-al-desfile-del-62o-festival-infantil","status":"publish","type":"post","link":"https:\/\/primicias2262.com\/noticias\/una-colorida-y-epica-muestra-en-el-parque-definio-al-desfile-del-62o-festival-infantil\/","title":{"rendered":"Una colorida y \u00e9pica muestra en el Parque defini\u00f3 al Desfile del 62\u00ba Festival Infantil"},"content":{"rendered":"<p><strong>La segunda jornada del 62\u00ba Festival Infantil comenz\u00f3 con un desfile \u00e9pico, colorido y m\u00fasica de pel\u00edcula para maravillar a chicos y grandes en las calles internas del Jard\u00edn Franc\u00e9s. \u201cCuando uno ve la sonrisa de los chicos el trabajo est\u00e1 cumplido\u201d, se\u00f1al\u00f3 el secretario Mat\u00edas Sierra; y \u201cme llam\u00f3 mucho la atenci\u00f3n c\u00f3mo lo disfrutaron los mayores\u201d, contrast\u00f3 el director de Cultura, Juan Gamba.<\/strong><\/p>\n<p>Con un clima ideal, a pedir de la organizaci\u00f3n de la Municipalidad de Necochea, la jornada del viernes del 62\u00ba Festival Infantil \u201cMaravilloso\u201d comenz\u00f3 con el desfile tradicional, que este a\u00f1o fue una muestra excepcional con recorrido por las calles internas del Festival\u00f3dromo y ante la atenci\u00f3n de una multitud que cop\u00f3 el Parque Miguel Lillo.<\/p>\n<p><a href=\"https:\/\/primicias2262.com\/wp-content\/uploads\/2023\/02\/FOTO-Desfiel-Festival4.jpeg\"><img loading=\"lazy\" decoding=\"async\" class=\"aligncenter size-large wp-image-97313\" src=\"https:\/\/primicias2262.com\/wp-content\/uploads\/2023\/02\/FOTO-Desfiel-Festival4-1024x684.jpeg\" alt=\"\" width=\"696\" height=\"465\" \/><\/a>El colorido, los carruajes con animales mitol\u00f3gicos, los impresionantes disfraces y la m\u00fasica de suspenso captaron la atenci\u00f3n de chicos y grandes. El paso de la caravana comenzaba desde la entrada al parque por 89 y 10 y avanzaba en c\u00edrculo para trazar un recorrido corto pero original en comparaci\u00f3n a otras ediciones del tradicional desfile.<\/p>\n<p>Luego de culminar la ronda y tras el aplauso y reconocimiento de la multitud y del intendente Arturo Rojas, su familia y su equipo de gesti\u00f3n, el director de Cultura, Juan Gamba, reconoci\u00f3 el trabajo del secretario de Turismo, Mat\u00edas Sierra, al afirmar que \u201cMat\u00edas es la persona que se puso el festival al hombro\u201d.<\/p>\n\n<p>Acto seguido, el propio Sierra expres\u00f3: \u201cGracias a Arturo (Rojas) por dejarnos trabajar con total libertad y creer en esto, ha sido un trabajo maravilloso de hace muchos meses para que esto pueda llevarse a cabo\u201d, realz\u00f3 el rol de cada Secretar\u00eda de la comuna para poder realizar el Festival y concluy\u00f3 que \u201ccuando uno ve la sonrisa de los chicos el trabajo est\u00e1 cumplido\u201d.<\/p>\n<p>En tanto, Juan Gamba manifest\u00f3 emocionado que \u201cel desfile me dej\u00f3 un mont\u00f3n de sensaciones, se me vienen todos los meses de trabajo a la cabeza y estamos contentos\u201d, para reconocer que \u201cme llama mucho la atenci\u00f3n c\u00f3mo disfrutan los mayores\u2026 lo de los nenes lo sabemos porque lo preparamos para ellos, pero c\u00f3mo los mayores sacan ese ni\u00f1o interior es impactante\u201d.<\/p>\n<p><a href=\"https:\/\/primicias2262.com\/wp-content\/uploads\/2023\/02\/FOTO-Desfile-Festival2.jpeg\"><img loading=\"lazy\" decoding=\"async\" class=\"aligncenter size-large wp-image-97315\" src=\"https:\/\/primicias2262.com\/wp-content\/uploads\/2023\/02\/FOTO-Desfile-Festival2-1024x684.jpeg\" alt=\"\" width=\"696\" height=\"465\" \/><\/a>Acerca de la puesta en escena y motivo de lo que se vio, explic\u00f3 el funcionario que \u201cm\u00e1s que un desfile, fue una muestra \u00e9pica con animales mitol\u00f3gicos, trajes de la \u00e9poca y una mezcla de sensaciones para que vean mucho colorido, y con una m\u00fasica distinta a la que se acostumbra a escuchar y que se usa mucho en las pel\u00edculas infantiles\u201d.<\/p>\n<p>Finalmente, Gamba valor\u00f3 que \u201cestoy muy feliz y muy agradecido a todas las personas que me acompa\u00f1aron para llevar adelante este desfile que es solo una parte del Festival Infantil\u201d, y cerr\u00f3 argumentando en ese sentido que \u201csi nosotros hacemos hincapi\u00e9 en que el Festival es solo el desfile estamos totalmente equivocados\u2026 el desfile es una parte junto a muchas otras cosas como los talleres, el teatro, la danza, la m\u00fasica y los divertimentos para los chicos\u201d.<\/p>\n<p>&nbsp;<\/p>\n","protected":false},"excerpt":{"rendered":"<p>La segunda jornada del 62\u00ba Festival Infantil comenz\u00f3 con un desfile \u00e9pico, colorido y m\u00fasica de pel\u00edcula para maravillar a chicos y grandes en las calles internas del Jard\u00edn Franc\u00e9s. \u201cCuando uno ve la sonrisa de los chicos el trabajo est\u00e1 cumplido\u201d, se\u00f1al\u00f3 el secretario Mat\u00edas Sierra; y \u201cme llam\u00f3 mucho la atenci\u00f3n c\u00f3mo lo [&hellip;]<\/p>\n","protected":false},"author":3,"featured_media":97314,"comment_status":"closed","ping_status":"closed","sticky":false,"template":"","format":"standard","meta":{"footnotes":""},"categories":[3],"tags":[],"class_list":["post-97317","post","type-post","status-publish","format-standard","has-post-thumbnail","category-masnoticias"],"_links":{"self":[{"href":"https:\/\/primicias2262.com\/noticias\/wp-json\/wp\/v2\/posts\/97317","targetHints":{"allow":["GET"]}}],"collection":[{"href":"https:\/\/primicias2262.com\/noticias\/wp-json\/wp\/v2\/posts"}],"about":[{"href":"https:\/\/primicias2262.com\/noticias\/wp-json\/wp\/v2\/types\/post"}],"author":[{"embeddable":true,"href":"https:\/\/primicias2262.com\/noticias\/wp-json\/wp\/v2\/users\/3"}],"replies":[{"embeddable":true,"href":"https:\/\/primicias2262.com\/noticias\/wp-json\/wp\/v2\/comments?post=97317"}],"version-history":[{"count":0,"href":"https:\/\/primicias2262.com\/noticias\/wp-json\/wp\/v2\/posts\/97317\/revisions"}],"wp:attachment":[{"href":"https:\/\/primicias2262.com\/noticias\/wp-json\/wp\/v2\/media?parent=97317"}],"wp:term":[{"taxonomy":"category","embeddable":true,"href":"https:\/\/primicias2262.com\/noticias\/wp-json\/wp\/v2\/categories?post=97317"},{"taxonomy":"post_tag","embeddable":true,"href":"https:\/\/primicias2262.com\/noticias\/wp-json\/wp\/v2\/tags?post=97317"}],"curies":[{"name":"wp","href":"https:\/\/api.w.org\/{rel}","templated":true}]}}