{"id":97329,"date":"2023-02-06T08:28:39","date_gmt":"2023-02-06T11:28:39","guid":{"rendered":"https:\/\/primicias2262.com\/?p=97329"},"modified":"2023-02-06T08:28:39","modified_gmt":"2023-02-06T11:28:39","slug":"este-festival-es-conocido-en-todo-el-pais-y-es-un-orgullo-para-nosotros-estar-aca","status":"publish","type":"post","link":"https:\/\/primicias2262.com\/noticias\/este-festival-es-conocido-en-todo-el-pais-y-es-un-orgullo-para-nosotros-estar-aca\/","title":{"rendered":"\u201cEste festival es conocido en todo el pa\u00eds y es un orgullo para nosotros estar ac\u00e1\u201d"},"content":{"rendered":"<p><strong>Luego de un show espectacular en el Festival Infantil necochense, el guitarrista del grupo Canticu\u00e9nticos, Daniel Bianchi, y una de las voces, Laura Ib\u00e1\u00f1ez, se tomaron su tiempo para entregar sus sensaciones. \u201cSiempre pensamos en integrar a la familia en los shows, uno de los objetivos de nuestro espect\u00e1culo es unir a trav\u00e9s de la m\u00fasica a distintas generaciones\u201d.<\/strong><\/p>\n<p>Con las melod\u00edas aut\u00f3ctonas de Canticu\u00e9nticos sonando en los aires del Parque Miguel Lillo y la participaci\u00f3n activa de chicos y grandes en un show espectacular de m\u00fasica y juegos para toda la familia, la tercera jornada del 62 Festival Infantil sigui\u00f3 con su impronta de Maravilloso y ya pinta para ser una edici\u00f3n inolvidable.<\/p>\n<p>Acaba de terminar el show en el Escenario 1 del Festival\u00f3dromo y los integrantes de Canticu\u00e9nticos se retiran envueltos en ovaciones y aplausos. En rigor de verdad, reci\u00e9n quedaron libres tras cumplir con dos o tres pedidos de \u201cootra, ootra\u201d por parte de -no el \u201cMonstruo de la laguna\u201d-, sino del de las mil cabezas que cop\u00f3 el Parque Miguel Lillo. Cruzan hacia los camarines y tras unos pocos minutos de refrescarse y comer algo se dividen: un grupo va directamente a un pulm\u00f3n de 10 y 91 a saludar a los chicos y las familias que los esperan para la foto, y otro m\u00e1s reducido sale amablemente a atender los micr\u00f3fonos de la prensa.<\/p>\n<p>Estos \u00faltimos son el guitarrista, Daniel Bianchi, y una de las voces femeninas del grupo santafecino, Laura Ib\u00e1\u00f1ez. El primero de ellos, con una sonrisa en el rostro expres\u00f3 que \u201cestamos muy contentos, vinimos desde Santa Fe con muchas expectativas y ganas de estar ac\u00e1, sab\u00edamos de este festival porque es conocido en todo el pa\u00eds, 62 ediciones no es poco para un festival y felicitamos a la gente que ha hecho posible que esto se mantenga en el tiempo, es un espacio dedicado a la ni\u00f1ez y es un orgullo para nosotros estar ac\u00e1\u201d.<\/p>\n<p><a href=\"https:\/\/primicias2262.com\/wp-content\/uploads\/2023\/02\/FOTO-Laura-Ibanez-Daniel-Bianchi-Canticuenticos.jpg\"><img loading=\"lazy\" decoding=\"async\" class=\"aligncenter size-large wp-image-97332\" src=\"https:\/\/primicias2262.com\/wp-content\/uploads\/2023\/02\/FOTO-Laura-Ibanez-Daniel-Bianchi-Canticuenticos-1024x682.jpg\" alt=\"\" width=\"696\" height=\"464\" \/><\/a>Si hay rasgos que distinguen a los espect\u00e1culos de los Canticu\u00e9nticos es que no hay estereotipos, que cualquier tema -por profundo y complejo que sea- se puede tratar en formato de canci\u00f3n, y que se divierten tanto chicos como grandes. Acerca de ello, Laura observ\u00f3 que \u201clas familias estaban muy enganchadas, nuestra propuesta se trata de m\u00fasicas originales, son composiciones propias y ritmos argentinos y latinoamericanos, y nos enorgullece mucho compartir con el p\u00fablico y saber que la gente cuando llegamos a Necochea ya sab\u00edan nuestras canciones, cantan, bailan y juegan con nosotros, se divierten y nos saludan. Fue una alegr\u00eda hermosa encontrarnos con este p\u00fablico y en este marco hermoso, y con un hermoso clima en Necochea y hermosas playas, disfrutamos y recibimos el cari\u00f1o de la gente\u201d.<\/p>\n<p>Por su parte, Daniel profundiz\u00f3 que \u201cla nuestra es una m\u00fasica muy anclada en el contexto social e hist\u00f3rico\u2026 no hay nada inventado en las tem\u00e1ticas que usamos ni nada tra\u00eddo de afuera, sino que lo que queremos es vincular a los ni\u00f1os con su contexto social, cultural e hist\u00f3rico, que se sientan parte de una idiosincrasia, de una forma de pensar, de hablar y de un pa\u00eds, as\u00ed que creemos que cualquier tem\u00e1tica puede ser tratada en una canci\u00f3n para ni\u00f1os, pero siempre buscando una vuelta para que ellos la comprendan\u201d.<\/p>\n<p>Incluso, reflexion\u00f3 Bianchi que \u201ccualquier pregunta de ellos puede ser contestada a trav\u00e9s de una canci\u00f3n, no hay tem\u00e1ticas veladas y no hay que tenerle miedo a las preguntas de los chicos, que son seres sensibles, permeables y curiosos. Se trata de abrir las puertas al di\u00e1logo y de favorecer una identidad propia muy argentina, por ah\u00ed van nuestras canciones, muchas veces con tem\u00e1ticas que son un poco m\u00e1s dif\u00edciles y que no son solo jugar, bailar y divertirse, sino tambi\u00e9n dejar un mensaje, hablar de los valores y los v\u00ednculos. Y siempre pensamos en integrar a la familia en los shows, uno de los objetivos de nuestro espect\u00e1culo es unir a trav\u00e9s de la m\u00fasica a distintas generaciones. Que los chicos encuentren un momento para compartir con sus padres y abuelos, t\u00edos y amigos, y que todos puedan disfrutar del show, ya que las canciones pueden ser cantadas por todos\u201d.<\/p>\n<p>En esa misma l\u00ednea, Ib\u00e1\u00f1ez ampli\u00f3 que \u201cla idea es acompa\u00f1ar a la crianza y el v\u00ednculo intergeneracional, lo que sucede en los shows muchas veces es que la gente viene a encontrarse con m\u00fasica que est\u00e1 sucediendo en su cotidianidad todo el tiempo, entonces se da un v\u00ednculo muy familiar y la frescura de cantar juntos\u201d, a lo que acot\u00f3: \u201cCantamos con orgullo nuestras m\u00fasicas del litoral, siempre dentro de nuestro repertorio incluimos esas canciones que son las que nos identifican y forman parte de nuestro paisaje, y tenemos la grata sorpresa de llevarlas a muchos lugares del pa\u00eds y Latinoam\u00e9rica, donde se reciben con el mismo cari\u00f1o que en Argentina\u201d.<\/p>\n<p><a href=\"https:\/\/primicias2262.com\/wp-content\/uploads\/2023\/02\/FOTO-Canticuenticos-Festival2.jpg\"><img loading=\"lazy\" decoding=\"async\" class=\"aligncenter size-large wp-image-97330\" src=\"https:\/\/primicias2262.com\/wp-content\/uploads\/2023\/02\/FOTO-Canticuenticos-Festival2-1024x682.jpg\" alt=\"\" width=\"696\" height=\"464\" \/><\/a>Es el final de la conferencia de prensa y antes de unirse a sus compa\u00f1eros para saludar al p\u00fablico que tanto amor les ofrend\u00f3, Daniel destac\u00f3 que \u201cvan a ser 13 a\u00f1os que empezamos a tocar como grupo, tenemos cinco discos y un sexto que est\u00e1 asomando, las primeras canciones ya est\u00e1n como adelanto en las redes y siempre venimos recorriendo esta senda de las m\u00fasicas populares argentinas, con canciones propias\u201d.<\/p>\n<p>De esta forma, las historias de \u201cCanticu\u00e9nticos\u201d y el Festival Infantil de Necochea se cruzaron y sali\u00f3 una hermosa velada, un s\u00e1bado \u2018Maravilloso\u2019 en el Parque. El grupo, adem\u00e1s de Daniel y Laura, se compone por la compositora, cantante, flauta y acorde\u00f3n, Ruth Hillar; la voz de Cintia Bertolino; el bajista Gonzalo Carmel\u00e9; y el baterista Nahuel Ramayo.<\/p>\n<p>Como dijo Bianchi, cuentan con cinco discos editados con canciones originales: \u201cCanticu\u00e9nticos embrujados\u201d; \u201cNada en su lugar\u201d; \u201cAlgo que decirte\u201d; \u201c\u00bfPor qu\u00e9, por qu\u00e9?\u201d y \u201cA cocochito\u201d. Entre sus canciones m\u00e1s conocidas est\u00e1n la cumbia del \u201cMonstruo de la laguna\u201d, \u201cEl mamboret\u00e1\u201d, \u201cBate con la cucharita\u201d o \u201cEl lorito Tet\u00e9\u201d; las cuales junto a muchas otras se bailan en hogares, escuelas y jardines de toda Am\u00e9rica Latina, son escuchadas m\u00e1s de 500 mil veces por d\u00eda y acumulan 450 millones de vistas en su canal de You Tube. El grupo ha recibido m\u00faltiples premios y reconocimientos, y desde este s\u00e1bado 4 de febrero de 2023 dej\u00f3 una huella imborrable al romperla toda en el Festival para la ni\u00f1ez y la familia m\u00e1s importante de todo el pa\u00eds.<\/p>\n","protected":false},"excerpt":{"rendered":"<p>Luego de un show espectacular en el Festival Infantil necochense, el guitarrista del grupo Canticu\u00e9nticos, Daniel Bianchi, y una de las voces, Laura Ib\u00e1\u00f1ez, se tomaron su tiempo para entregar sus sensaciones. \u201cSiempre pensamos en integrar a la familia en los shows, uno de los objetivos de nuestro espect\u00e1culo es unir a trav\u00e9s de la [&hellip;]<\/p>\n","protected":false},"author":3,"featured_media":97331,"comment_status":"closed","ping_status":"closed","sticky":false,"template":"","format":"standard","meta":{"footnotes":""},"categories":[3],"tags":[],"class_list":["post-97329","post","type-post","status-publish","format-standard","has-post-thumbnail","category-masnoticias"],"_links":{"self":[{"href":"https:\/\/primicias2262.com\/noticias\/wp-json\/wp\/v2\/posts\/97329","targetHints":{"allow":["GET"]}}],"collection":[{"href":"https:\/\/primicias2262.com\/noticias\/wp-json\/wp\/v2\/posts"}],"about":[{"href":"https:\/\/primicias2262.com\/noticias\/wp-json\/wp\/v2\/types\/post"}],"author":[{"embeddable":true,"href":"https:\/\/primicias2262.com\/noticias\/wp-json\/wp\/v2\/users\/3"}],"replies":[{"embeddable":true,"href":"https:\/\/primicias2262.com\/noticias\/wp-json\/wp\/v2\/comments?post=97329"}],"version-history":[{"count":0,"href":"https:\/\/primicias2262.com\/noticias\/wp-json\/wp\/v2\/posts\/97329\/revisions"}],"wp:attachment":[{"href":"https:\/\/primicias2262.com\/noticias\/wp-json\/wp\/v2\/media?parent=97329"}],"wp:term":[{"taxonomy":"category","embeddable":true,"href":"https:\/\/primicias2262.com\/noticias\/wp-json\/wp\/v2\/categories?post=97329"},{"taxonomy":"post_tag","embeddable":true,"href":"https:\/\/primicias2262.com\/noticias\/wp-json\/wp\/v2\/tags?post=97329"}],"curies":[{"name":"wp","href":"https:\/\/api.w.org\/{rel}","templated":true}]}}