{"id":97336,"date":"2023-02-06T08:33:46","date_gmt":"2023-02-06T11:33:46","guid":{"rendered":"https:\/\/primicias2262.com\/?p=97336"},"modified":"2023-02-06T08:33:46","modified_gmt":"2023-02-06T11:33:46","slug":"el-cierre-de-un-festival-infantil-maravilloso-fue-con-el-reconocido-topa-y-una-multitud","status":"publish","type":"post","link":"https:\/\/primicias2262.com\/noticias\/el-cierre-de-un-festival-infantil-maravilloso-fue-con-el-reconocido-topa-y-una-multitud\/","title":{"rendered":"El cierre de un Festival Infantil \u00abMaravilloso\u00bb fue con el reconocido Topa y una multitud"},"content":{"rendered":"<p><strong>La alegr\u00eda y la impronta del artista reflejaron el esp\u00edritu que se vivi\u00f3 en cada una de las actividades y espect\u00e1culos desplegados a lo largo de los cuatro d\u00edas de celebraci\u00f3n en el Parque Miguel Lillo.<\/strong><\/p>\n<p>\u201cS\u00e9 como t\u00fa quieras ser\u201d, esa fue la \u00faltima frase que un artista dej\u00f3 con sus canciones sobre el escenario de la edici\u00f3n sexag\u00e9sima segunda del Festival Infantil de Necochea. Una frase que no solo simboliza al brillante show que brind\u00f3 Topa para cerrar este formato Maravilloso dedicado a la ni\u00f1ez, sino tambi\u00e9n el esp\u00edritu que se vivi\u00f3 en cada una de las actividades y espect\u00e1culos que se desplegaron a lo largo de los cuatro d\u00edas de celebraci\u00f3n en el Parque Miguel Lillo.<\/p>\n<p>Cientos de familias reunidas, miles de caritas de emoci\u00f3n y millones de sonrisas sumaron al saldo m\u00e1s importante del que un festejo dedicado a las infancias puede presumir. Y es que en este primer fin de semana de febrero lo que sobr\u00f3 en el colorido Festival\u00f3dromo que la Municipalidad arm\u00f3 para homenajear a los m\u00e1s peque\u00f1os fue la magia, una magia que contagi\u00f3 el alma de los m\u00e1s grandes, quienes supieron disfrutar a la par de sus ni\u00f1os de cada show y cada juego.<\/p>\n<p><a href=\"https:\/\/primicias2262.com\/wp-content\/uploads\/2023\/02\/FOTO-Topa-62-Festival-Infantil.jpeg\"><img loading=\"lazy\" decoding=\"async\" class=\"aligncenter size-large wp-image-97337\" src=\"https:\/\/primicias2262.com\/wp-content\/uploads\/2023\/02\/FOTO-Topa-62-Festival-Infantil-1024x682.jpeg\" alt=\"\" width=\"696\" height=\"464\" \/><\/a>En un domingo de despedida que tuvo de todo, en el escenario principal tampoco faltaron las palabras de la embajadora tur\u00edstica de la ciudad, la comediante, emprendedora e influencer Belu Lucius, quien jug\u00f3 un rato con el p\u00fablico como preludio al show principal.<\/p>\n<p>Agradeciendo a las \u00e1reas que participaron en la organizaci\u00f3n del ciclo por semejante esfuerzo y dedicaci\u00f3n, fue nuevamente el intendente Arturo Rojas quien estuvo a cargo de dar la bienvenida al artista de relevancia internacional que apag\u00f3 las luces del Festival.<\/p>\n<p>Como no pod\u00eda ser de otra manera, un evento de semejante magnitud y relevancia hist\u00f3rica para el pa\u00eds no pod\u00eda terminar de otra forma que con un exponente de ese amor por la infancia.<\/p>\n<p>Fue en ese contexto cuando uno de los animadores m\u00e1s conocidos de Latinoam\u00e9rica entr\u00f3 en escena para volcar toda su magia en el escenario, hacer cantar y saltar a miles de personas, y poner el broche de oro a una fiesta que, sin dudas, perdurar\u00e1 en la memoria de quienes tuvieron la fortuna de ser parte.<\/p>\n<p><a href=\"https:\/\/primicias2262.com\/wp-content\/uploads\/2023\/02\/FOTO-Topa-62-Festival-Infantil3.jpeg\"><img loading=\"lazy\" decoding=\"async\" class=\"aligncenter size-large wp-image-97339\" src=\"https:\/\/primicias2262.com\/wp-content\/uploads\/2023\/02\/FOTO-Topa-62-Festival-Infantil3-1024x682.jpeg\" alt=\"\" width=\"696\" height=\"464\" \/><\/a>La entretenida funci\u00f3n de Topa comenz\u00f3 con algunos de sus interminables hits. \u201cMe muevo para aqu\u00ed\u201d o \u201cEl Viajero\u201d empezaron a regalar al cantante y actor las primeras ovaciones de los miles de esp\u00edritus que se agolparon en el Jard\u00edn Franc\u00e9s para escuchar su repertorio \u00fanico.<\/p>\n<p>\u201cQu\u00e9 hermoso es estar cerrando este Festival Infantil. Yo hace ya m\u00e1s de diez a\u00f1os que vine y fue hermoso poder compartir algo tan lindo que tiene que ver con ustedes. Agradezco mucho que sigan haciendo este festival, cuidando al tesoro m\u00e1s hermoso que son los chiquitos\u201d, interrumpi\u00f3 su espect\u00e1culo el animador para realzar la importancia de esta celebraci\u00f3n.<\/p>\n<p>Enseguida, pidi\u00f3 a los m\u00e1s grandes que lo acompa\u00f1aran a cantar \u201cPara bailar la Bamba\u201d, y dedic\u00f3 toda una secci\u00f3n para homenajear a los m\u00edticos Gaby, Fof\u00f3 y Miliki, \u201clos payasos que llegaron a lo m\u00e1s profundo de nuestro coraz\u00f3n en la infancia\u201d, con divertidos remakes de \u201cHola don Pepito, hola Don Jos\u00e9\u201d y \u201cLa Gallina Turuleca\u201d.<\/p>\n<p>\u201cBichos\u201d y \u201cEl Baile de la Selva\u201d hicieron saltar a todo el p\u00fablico, aunque el coro m\u00e1s grande se escuch\u00f3 cuando Topa pregunt\u00f3 si alguien conoc\u00eda las canciones de Junior Express y cientos de voces sonaron al un\u00edsono: \u201cUn color sobre otro color, sobre otro color, y otro m\u00e1s\u201d, con una renovada versi\u00f3n de \u201cArco\u00edris\u201d que hizo latir el Parque Miguel Lillo.<\/p>\n<p>Entre risas, gritos y algunas l\u00e1grimas, serpentinas, luces y papelitos de colores, se fue terminado el repertorio del querible artista y diluyendo el m\u00e1s esperado de los shows, el que puso fin a la cartelera de espect\u00e1culos de esta nueva edici\u00f3n de la fiesta de la ni\u00f1ez, una edici\u00f3n que quedar\u00e1 en la memoria de toda una ciudad y de la colonia tur\u00edstica que tuvo la oportunidad de disfrutarla en primera persona. Un festival que perdurar\u00e1 porque, realmente, fue Maravilloso.<\/p>\n","protected":false},"excerpt":{"rendered":"<p>La alegr\u00eda y la impronta del artista reflejaron el esp\u00edritu que se vivi\u00f3 en cada una de las actividades y espect\u00e1culos desplegados a lo largo de los cuatro d\u00edas de celebraci\u00f3n en el Parque Miguel Lillo. \u201cS\u00e9 como t\u00fa quieras ser\u201d, esa fue la \u00faltima frase que un artista dej\u00f3 con sus canciones sobre el [&hellip;]<\/p>\n","protected":false},"author":3,"featured_media":97338,"comment_status":"closed","ping_status":"closed","sticky":false,"template":"","format":"standard","meta":{"footnotes":""},"categories":[3],"tags":[],"class_list":["post-97336","post","type-post","status-publish","format-standard","has-post-thumbnail","category-masnoticias"],"_links":{"self":[{"href":"https:\/\/primicias2262.com\/noticias\/wp-json\/wp\/v2\/posts\/97336","targetHints":{"allow":["GET"]}}],"collection":[{"href":"https:\/\/primicias2262.com\/noticias\/wp-json\/wp\/v2\/posts"}],"about":[{"href":"https:\/\/primicias2262.com\/noticias\/wp-json\/wp\/v2\/types\/post"}],"author":[{"embeddable":true,"href":"https:\/\/primicias2262.com\/noticias\/wp-json\/wp\/v2\/users\/3"}],"replies":[{"embeddable":true,"href":"https:\/\/primicias2262.com\/noticias\/wp-json\/wp\/v2\/comments?post=97336"}],"version-history":[{"count":0,"href":"https:\/\/primicias2262.com\/noticias\/wp-json\/wp\/v2\/posts\/97336\/revisions"}],"wp:attachment":[{"href":"https:\/\/primicias2262.com\/noticias\/wp-json\/wp\/v2\/media?parent=97336"}],"wp:term":[{"taxonomy":"category","embeddable":true,"href":"https:\/\/primicias2262.com\/noticias\/wp-json\/wp\/v2\/categories?post=97336"},{"taxonomy":"post_tag","embeddable":true,"href":"https:\/\/primicias2262.com\/noticias\/wp-json\/wp\/v2\/tags?post=97336"}],"curies":[{"name":"wp","href":"https:\/\/api.w.org\/{rel}","templated":true}]}}