{"id":97346,"date":"2023-02-06T10:32:02","date_gmt":"2023-02-06T13:32:02","guid":{"rendered":"https:\/\/primicias2262.com\/?p=97346"},"modified":"2023-02-06T10:32:02","modified_gmt":"2023-02-06T13:32:02","slug":"se-ilumino-la-av-10-entre-117-y-155-son-mejoras-que-generan-un-cambio-en-el-lugar","status":"publish","type":"post","link":"https:\/\/primicias2262.com\/noticias\/se-ilumino-la-av-10-entre-117-y-155-son-mejoras-que-generan-un-cambio-en-el-lugar\/","title":{"rendered":"Se ilumin\u00f3 la Av. 10 entre 117 y 155: \u201cSon mejoras que generan un cambio en el lugar\u201d"},"content":{"rendered":"<p><strong>As\u00ed lo defini\u00f3 el secretario de Planeamiento, Obras y Servicios P\u00fablicos, Adri\u00e1n Furno, durante una nota telef\u00f3nica en \u201cVoces de la Ciudad\u201d, realizada por el periodista Jorge G\u00f3mez.<\/strong><\/p>\n<p>El pasado viernes se hizo la iluminaci\u00f3n nocturna en la vereda de la avenida 10 entre 117 y 155, con el encendido de las luminarias del paseo que brinda este servicio hasta llegar a la Villa del Deportista, uniendo este circuito desde -por ejemplo- la avenida Pinolandia de nuestro parque Miguel Lillo.<\/p>\n\n<p>La habilitaci\u00f3n se produjo por la noche, tras los trabajos previos de instalaci\u00f3n de la red el\u00e9ctrica bajo tierra y de la disposici\u00f3n de tales luminarias que pasan frente a los clubes deportivos del lugar. Ahora queda a la espera la obra complementaria de la construcci\u00f3n de la citada vereda con material asf\u00e1ltico, que en febrero ya contar\u00eda con toda la pavimentaci\u00f3n del tramo y en marzo con la finalizaci\u00f3n de la obra completa.<\/p>\n<p>Al respecto, Adri\u00e1n Furno resalt\u00f3 que \u201cesto es muy bueno para todo ese sector, para los clubes y sobre todo para los pibes que van a esos clubes en el invierno, es un corredor seguro junto a la Caballer\u00eda, es un cambio positivo en varios aspectos para esos barrios, y viene a beneficiar tambi\u00e9n la circulaci\u00f3n vehicular en 10 entre 117 y 155\u201d.<\/p>\n<p><a href=\"https:\/\/primicias2262.com\/wp-content\/uploads\/2023\/02\/luces-10-2.jpeg\"><img loading=\"lazy\" decoding=\"async\" class=\"aligncenter size-large wp-image-97348\" src=\"https:\/\/primicias2262.com\/wp-content\/uploads\/2023\/02\/luces-10-2-1024x462.jpeg\" alt=\"\" width=\"696\" height=\"314\" \/><\/a>Finalmente, el funcionario de Obras P\u00fablicas lo compar\u00f3 con otras obras similares que le dan un aire m\u00e1s seguro a la ciudad. \u201cSon mejoras que generan cambios para el lugar, parecido a lo que fue el Paseo de la Ribera\u201d.<\/p>\n","protected":false},"excerpt":{"rendered":"<p>As\u00ed lo defini\u00f3 el secretario de Planeamiento, Obras y Servicios P\u00fablicos, Adri\u00e1n Furno, durante una nota telef\u00f3nica en \u201cVoces de la Ciudad\u201d, realizada por el periodista Jorge G\u00f3mez. El pasado viernes se hizo la iluminaci\u00f3n nocturna en la vereda de la avenida 10 entre 117 y 155, con el encendido de las luminarias del paseo [&hellip;]<\/p>\n","protected":false},"author":3,"featured_media":97349,"comment_status":"closed","ping_status":"closed","sticky":false,"template":"","format":"standard","meta":{"footnotes":""},"categories":[3],"tags":[],"class_list":["post-97346","post","type-post","status-publish","format-standard","has-post-thumbnail","category-masnoticias"],"_links":{"self":[{"href":"https:\/\/primicias2262.com\/noticias\/wp-json\/wp\/v2\/posts\/97346","targetHints":{"allow":["GET"]}}],"collection":[{"href":"https:\/\/primicias2262.com\/noticias\/wp-json\/wp\/v2\/posts"}],"about":[{"href":"https:\/\/primicias2262.com\/noticias\/wp-json\/wp\/v2\/types\/post"}],"author":[{"embeddable":true,"href":"https:\/\/primicias2262.com\/noticias\/wp-json\/wp\/v2\/users\/3"}],"replies":[{"embeddable":true,"href":"https:\/\/primicias2262.com\/noticias\/wp-json\/wp\/v2\/comments?post=97346"}],"version-history":[{"count":0,"href":"https:\/\/primicias2262.com\/noticias\/wp-json\/wp\/v2\/posts\/97346\/revisions"}],"wp:attachment":[{"href":"https:\/\/primicias2262.com\/noticias\/wp-json\/wp\/v2\/media?parent=97346"}],"wp:term":[{"taxonomy":"category","embeddable":true,"href":"https:\/\/primicias2262.com\/noticias\/wp-json\/wp\/v2\/categories?post=97346"},{"taxonomy":"post_tag","embeddable":true,"href":"https:\/\/primicias2262.com\/noticias\/wp-json\/wp\/v2\/tags?post=97346"}],"curies":[{"name":"wp","href":"https:\/\/api.w.org\/{rel}","templated":true}]}}