{"id":97352,"date":"2023-02-06T11:16:36","date_gmt":"2023-02-06T14:16:36","guid":{"rendered":"https:\/\/primicias2262.com\/?p=97352"},"modified":"2023-02-06T11:16:36","modified_gmt":"2023-02-06T14:16:36","slug":"siguen-las-actividades-por-la-fiesta-patronal-de-nuestra-senora-de-lourdes","status":"publish","type":"post","link":"https:\/\/primicias2262.com\/noticias\/siguen-las-actividades-por-la-fiesta-patronal-de-nuestra-senora-de-lourdes\/","title":{"rendered":"Siguen las actividades por la Fiesta Patronal de Nuestra Se\u00f1ora de Lourdes"},"content":{"rendered":"<p><strong>La semana anterior inici\u00f3 la Novena de la Fiesta Patronal de Lourdes, camino a lo que ser\u00e1 un s\u00e1bado 11 y domingo 12 con las celebraciones centrales. Al respecto, brind\u00f3 detalles en \u201cVoces de la Ciudad\u201d el cura Alejandro Mart\u00ednez, sacerdote de la parroquia Nuestra Se\u00f1ora de Lourdes de la villa balnearia.<\/strong><\/p>\n<p>Ante la consulta del periodista Jorge G\u00f3mez en los estudios de la radio, el sacerdote se\u00f1al\u00f3 que las novenas tienen la particularidad de ir preparando el coraz\u00f3n de la comunidad para la fiesta central, \u201cy la fiesta de las patronales es la de una familia grande, en la que queremos poner a Mar\u00eda como madre, ya que nos est\u00e1 faltando el amor de madre\u201d.<\/p>\n<p>De hecho, el lema de las fiestas patronales es \u201cCon Mar\u00eda, ser artesanos de la paz\u201d, \u201cporque todo el conflicto que vamos viviendo personal, familiar y a nivel universal, y toda la violencia que hay y las guerras que se van dando, si no ponemos el coraz\u00f3n en Dios, nos van a superar la mezquindad y el ego\u00edsmo, y las noticias que van saliendo nos hacen decir hacia d\u00f3nde vamos, qu\u00e9 est\u00e1 educando a nuestro coraz\u00f3n, a los ni\u00f1os y a la familia\u2026 se va perdiendo la mirada de esperanza\u201d, argument\u00f3 Mart\u00ednez.<\/p>\n<p>Por tanto, expres\u00f3 que \u201cle pedimos a la madre de Dios, como madre nuestra que es, por favor que nos transmita \u00a0estas caracter\u00edsticas de escuchar a Dios, y al escuchar a Dios transformar el coraz\u00f3n y ponernos al servicio del otro\u201d, y acot\u00f3 que \u201cel amor es algo esencial dado por Dios y cuando no desarrollamos esa capacidad, el coraz\u00f3n se violenta, no desarrollamos lo natural y empezamos a trabajar con angustias, mezquindades, ego\u00edsmo y rencores\u201d.<\/p>\n<p>En ese marco, el cura reconoci\u00f3 que en la sociedad \u201cnos hemos acostumbrado a la violencia y los medios de comunicaci\u00f3n alientan el conflicto y enfocan situaciones. Uno de los elementos necesarios para encontrar paz es levantar el pie del acelerador, serenarnos, sentarnos, bajar del auto y observar, lo que da caracter\u00edstica a la vida, es el paisaje de la vida\u201d.<\/p>\n\n<p>Las actividades religiosas siguen desde este hasta el venidero fin de semana. El s\u00e1bado 11 ser\u00e1 la Gran Fiesta Patronal\u00a0 con el XV Rosario Gigante iluminado en la arena, a las 20 Santa Misa; a las 21 una Procesi\u00f3n por las calles y a las 21.30 el Rosario Gigante iluminado en la arena, en el sector de la Rambla 2 y 83. En tanto, el domingo 12 se contar\u00e1 con la visita del Obispo Monse\u00f1or Gabriel Mestre, a las 11 ser\u00e1 la Santa Misa y se finalizar\u00e1 con un almuerzo.<\/p>\n","protected":false},"excerpt":{"rendered":"<p>La semana anterior inici\u00f3 la Novena de la Fiesta Patronal de Lourdes, camino a lo que ser\u00e1 un s\u00e1bado 11 y domingo 12 con las celebraciones centrales. Al respecto, brind\u00f3 detalles en \u201cVoces de la Ciudad\u201d el cura Alejandro Mart\u00ednez, sacerdote de la parroquia Nuestra Se\u00f1ora de Lourdes de la villa balnearia. Ante la consulta [&hellip;]<\/p>\n","protected":false},"author":3,"featured_media":97355,"comment_status":"closed","ping_status":"closed","sticky":false,"template":"","format":"standard","meta":{"footnotes":""},"categories":[3],"tags":[],"class_list":["post-97352","post","type-post","status-publish","format-standard","has-post-thumbnail","category-masnoticias"],"_links":{"self":[{"href":"https:\/\/primicias2262.com\/noticias\/wp-json\/wp\/v2\/posts\/97352","targetHints":{"allow":["GET"]}}],"collection":[{"href":"https:\/\/primicias2262.com\/noticias\/wp-json\/wp\/v2\/posts"}],"about":[{"href":"https:\/\/primicias2262.com\/noticias\/wp-json\/wp\/v2\/types\/post"}],"author":[{"embeddable":true,"href":"https:\/\/primicias2262.com\/noticias\/wp-json\/wp\/v2\/users\/3"}],"replies":[{"embeddable":true,"href":"https:\/\/primicias2262.com\/noticias\/wp-json\/wp\/v2\/comments?post=97352"}],"version-history":[{"count":0,"href":"https:\/\/primicias2262.com\/noticias\/wp-json\/wp\/v2\/posts\/97352\/revisions"}],"wp:attachment":[{"href":"https:\/\/primicias2262.com\/noticias\/wp-json\/wp\/v2\/media?parent=97352"}],"wp:term":[{"taxonomy":"category","embeddable":true,"href":"https:\/\/primicias2262.com\/noticias\/wp-json\/wp\/v2\/categories?post=97352"},{"taxonomy":"post_tag","embeddable":true,"href":"https:\/\/primicias2262.com\/noticias\/wp-json\/wp\/v2\/tags?post=97352"}],"curies":[{"name":"wp","href":"https:\/\/api.w.org\/{rel}","templated":true}]}}