{"id":97370,"date":"2023-02-06T14:07:55","date_gmt":"2023-02-06T17:07:55","guid":{"rendered":"https:\/\/primicias2262.com\/?p=97370"},"modified":"2023-02-06T14:07:55","modified_gmt":"2023-02-06T17:07:55","slug":"maximo-thomsen-y-otros-4-rugbiers-condenados-a-perpetua-y-15-anos-para-los-otros-tres","status":"publish","type":"post","link":"https:\/\/primicias2262.com\/noticias\/maximo-thomsen-y-otros-4-rugbiers-condenados-a-perpetua-y-15-anos-para-los-otros-tres\/","title":{"rendered":"M\u00e1ximo Thomsen y otros 4 rugbiers condenados a perpetua y 15 a\u00f1os para los otros tres"},"content":{"rendered":"<div class=\"col 1-col\"><\/div>\n<div class=\"col 2-col\">\n<div class=\"article-main-content article-text \">\n<p><b>Este 6 de febrero se conoci\u00f3 el veredicto del juicio que comenz\u00f3 el 2 de enero en los Tribunales de Dolores contra los ocho asesinos imputados<\/b> por el <b>crimen <\/b>de<b> Fernando B\u00e1ez Sosa<\/b>, que ten\u00eda 18 a\u00f1os cuando fue atacado a golpes a la salida del boliche <b>Le Brique en Villa Gesell<\/b>.<\/p>\n<p>As\u00ed, cinco de los asesinos, <b>M\u00e1ximo Thomsen,\u00a0Ciro Pertossi, Enzo Comelli, Mat\u00edas Benicelli y Luciano Pertossi<\/b>, como \u00abcoautores penalmente responsables por los delitos de homicidio doblemente agravado por el concurso premeditado por dos o m\u00e1s personas y por alevos\u00eda en concurso ideal con lesiones leves\u00bb, fueron <b>condenados a prisi\u00f3n perpetua.<\/b><\/p>\n<p>Mientras, los asesinos <b>Ayrton Viollaz, Blas Cinalli y Lucas Pertossi<\/b>, la sacaron barata como part\u00edcipes secundarios y solo fueron condenados a <b>15 a\u00f1os de prisi\u00f3n<\/b>.<\/p>\n<p><a href=\"https:\/\/primicias2262.com\/wp-content\/uploads\/2023\/02\/RugbiersJuicio-1024x683-1.jpg\"><img loading=\"lazy\" decoding=\"async\" class=\"aligncenter size-full wp-image-97358\" src=\"https:\/\/primicias2262.com\/wp-content\/uploads\/2023\/02\/RugbiersJuicio-1024x683-1.jpg\" alt=\"\" width=\"1024\" height=\"683\" \/><\/a>Seg\u00fan se\u00f1ala el C\u00f3digo Penal en el art\u00edculo 13,<b> la condena a reclusi\u00f3n o prisi\u00f3n perpetua tiene un m\u00e1ximo de 35 a\u00f1os de condena<\/b>. Aunque tambi\u00e9n advierte que no es en s\u00ed una perpetuidad, ya que el condenado podr\u00eda salir en libertad condicional.<\/p>\n<h2>\u00bfQu\u00e9 dijeron los jueces en el veredicto?<\/h2>\n<p>\u00abEl tribunal por unanimidad dicta veredicto condenatorio contra <b>M\u00e1ximo Thomsen, Ciro Pertossi, Enzo Comelli, Mat\u00edas Benicelli y Luciano Pertossi<\/b>, por ser coautores penalmente responsables del hecho prescripto y probado en la cuesti\u00f3n segunda, y contra <b>Ayrton Viollaz, Blas Cinalli y Lucas Pertossi<\/b> por ser part\u00edcipes secundarios penalmente responsables del\u00a0hecho prescripto y probado en la misma cuesti\u00f3n\u00bb.<\/p>\n<p>1ero: \u00abRechazar planteo de nulidad planteado por el defensor <b>Hugo Tomei<\/b>, por los fundamentos esgrimidos en la primera cuesti\u00f3n del veredicto\u00bb<\/p>\n<p>2do: \u00abCondenar a <b>M\u00e1ximo Thomsen, Ciro Pertossi, Enzo Comelli, Mat\u00edas Benicelli y Luciano Pertossi<\/b> como coautores penalmente responsables de los delitos de homicidio doblemente agravado por el concurso premeditado de dos o m\u00e1s personas y por alevos\u00eda en concurso ideal con lesiones leves a la <b>pena de prisi\u00f3n perpetua<\/b>\u00ab.<\/p>\n<p>3ero: \u00abCondenar a <b>Ayrton Viollaz, Blas Cinalli y a Lucas Pertossi <\/b>como participe secundario del hecho que fuera calificado como\u00a0homicidio doblemente agravado por el concurso premeditado de dos o m\u00e1s personas y por alevos\u00eda en concurso ideal con lesiones levesa la pena de 15 a\u00f1os de prisi\u00f3n\u00bb.<\/p>\n<p>4to: \u00abAtento el requerimiento efectuado por los representantes del Ministerio P\u00fablico Fiscal, con relaci\u00f3n al inicio de actuaciones por la presunta comisi\u00f3n del delito de falso testimonio, respecto de <b>Juan Pedro Guarino y Tom\u00e1s Collazo<\/b>, por secretar\u00eda p\u00f3ngase a disposici\u00f3n de los mismos la presente causa como as\u00ed tambui\u00e9n el registro de grabaci\u00f3n del juicio a los efectyos que estimen corresponder\u00bb.<\/p>\n<p>5to: \u00abRegular honorarios profesionales en favor de los representantes del particular damnificado, doctores <b>Tom\u00e1s Fabi\u00e1n Am\u00e9ndola, Fernando Burlando, Facundo Ra\u00fal Emanuel Am\u00e9ndola<\/b>, <b>Germ\u00e1n Enrique Fazio<\/b>, quienes abonaron los tributos de ley\u00bb.<\/p>\n<h2>\u00bfCu\u00e1ntos a\u00f1os son la prisi\u00f3n perpetua en el C\u00f3digo Penal de Argentina?<\/h2>\n<p>En principio hay que aclarar que el concepto etimol\u00f3gico de <b>\u201ccadena perpetua\u201d hace referencia a \u00abperpetuidad\u00bb, ya que antiguamente se relacionaba con el tiempo que una persona que hab\u00eda cometido un delito<\/b>\u00a0se encontraba encadenado a un muro o cargaba con un peso, como una bola de acero.<\/p>\n<p>En el C\u00f3digo Penal argentino, este concepto de \u00abperpetuidad\u00bb se mantuvo hasta la reforma constitucional de 1994, <b>en donde se cambi\u00f3 el nombre a \u00abprisi\u00f3n\u00bb perpetua y se puso un l\u00edmite de a\u00f1os a la condena.<\/b><\/p>\n<h2>De cu\u00e1ntos a\u00f1os es la condena a prisi\u00f3n perpetua<\/h2>\n<p>Seg\u00fan se\u00f1ala el C\u00f3digo Penal en el art\u00edculo 13,<b> la condena a reclusi\u00f3n o prisi\u00f3n perpetua tiene un m\u00e1ximo de 35 a\u00f1os de condena<\/b>. Aunque tambi\u00e9n advierte que no es en s\u00ed una perpetuidad, ya que el condenado podr\u00eda salir en libertad condicional.<\/p>\n<p>Este tipo de penas se aplica con delitos como <b>homicidio agravado, abuso sexual que resultara en la muerte de la v\u00edctima, desaparici\u00f3n forzada de personas, torturas que terminaran en muerte y traici\u00f3n a la patria.<\/b><\/p>\n<h2>Qu\u00e9 dice el art\u00edculo 13 del C\u00f3digo Penal sobre la prisi\u00f3n perpetua<\/h2>\n<p><b>Art\u00edculo 13<\/b>.- <b>El condenado a reclusi\u00f3n o prisi\u00f3n perpetua que hubiere cumplido treinta y cinco (35) a\u00f1os de condena<\/b>, el condenado a reclusi\u00f3n o a prisi\u00f3n por m\u00e1s de tres (3) a\u00f1os que hubiere cumplido los dos tercios, y el condenado a reclusi\u00f3n o prisi\u00f3n, por tres (3) a\u00f1os o menos, que hubiere cumplido un (1) a\u00f1o de reclusi\u00f3n u ocho (8) meses de prisi\u00f3n, observando con regularidad los reglamentos carcelarios, <b>podr\u00e1n obtener la libertad por resoluci\u00f3n judicial<\/b>, previo informe de la direcci\u00f3n del establecimiento e informe de peritos que pronostique en forma individualizada y favorable su reinserci\u00f3n social, bajo las siguientes condiciones:<\/p>\n<p>1\u00ba.- Residir en el lugar que determine el auto de soltura;<\/p>\n<p>2\u00ba.- Observar las reglas de inspecci\u00f3n que fije el mismo auto, especialmente la obligaci\u00f3n de abstenerse de consumir bebidas alcoh\u00f3licas o utilizar sustancias estupefacientes;<\/p>\n<p>3\u00ba.- Adoptar en el plazo que el auto determine, oficio, arte, industria o profesi\u00f3n, si no tuviere medios propios de subsistencia;<\/p>\n<p>4\u00ba.- No cometer nuevos delitos;<\/p>\n<p>5\u00ba.- Someterse al cuidado de un patronato, indicado por las autoridades competentes;<\/p>\n<p>6\u00ba.- Someterse a tratamiento m\u00e9dico, psiqui\u00e1trico o psicol\u00f3gico, que acrediten su necesidad y eficacia de acuerdo al consejo de peritos.<\/p>\n<p>Estas condiciones, a las que el juez podr\u00e1 a\u00f1adir cualquiera de las reglas de conducta contempladas en el art\u00edculo 27 bis, regir\u00e1n hasta el vencimiento de los t\u00e9rminos de las penas temporales y hasta diez (10) a\u00f1os m\u00e1s en las perpetuas, a contar desde el d\u00eda del otorgamiento de la libertad condicional.<\/p>\n<h2>Qu\u00e9 dice el art\u00edculo 14 del C\u00f3digo Penal: los delitos que no tienen libertad condicional<\/h2>\n<p>El 17 de marzo de 2004, <b>Axel Blumberg<\/b> fue secuestrado por cuatro personas cerca de la casa de su novia, en Mart\u00ednez. La banda se comunic\u00f3 con su padre, Juan Carlos, con la idea de cobrar un rescate. Tras tirotearse con la Polic\u00eda bonaerense y de recapturar al joven de 23 a\u00f1os que intent\u00f3 escapar, los delincuentes lo ejecutarony su cuerpo fue hallado en un descampado de Moreno, seis d\u00edas despu\u00e9s del secuestro.<\/p>\n<p>Tras el crimen, Juan Carlos Blumberg lider\u00f3 masivas convocatorias en las que se destacaba el pedido de \u201cseguridad\u201d. All\u00ed reclamaba por el endurecimiento de las leyes penales, que deriv\u00f3 en un cambio del C\u00f3digo Penal. La <b>reforma Blumberg<\/b>, como se la conoce en los \u00e1mbitos acad\u00e9micos, implic\u00f3 <b>ampliar el plazo para ser beneficiario de la libertad condicional<\/b> y se expone, por primera vez, una <b>lista de delitos que son inelegibles para la morigeraci\u00f3n de la pena<\/b>.<\/p>\n<p><b>La libertad condicional no se conceder\u00e1 a los reincidentes<\/b>. Tampoco se conceder\u00e1 cuando la condena fuera por:<\/p>\n<p>1) Homicidios agravados previstos en el art\u00edculo 80 del C\u00f3digo Penal.<\/p>\n<p>2) Delitos contra la integridad sexual, previstos en los arts. 119, 120, 124, 125, 125 bis, 126, 127, 128 primer y segundo p\u00e1rrafos, y 130 del C\u00f3digo Penal.<\/p>\n<p>3) Privaci\u00f3n ilegal de la libertad coactiva, si se causare intencionalmente la muerte de la persona ofendida, previsto en el art\u00edculo 142 bis, ante\u00faltimo p\u00e1rrafo, del C\u00f3digo Penal.<\/p>\n<p>4) Tortura seguida de muerte, art\u00edculo 144 ter, inciso 2, del C\u00f3digo Penal.<\/p>\n<p>5) Delitos previstos en los art\u00edculos 165 y 166, inciso 2, segundo p\u00e1rrafo, del C\u00f3digo Penal.<\/p>\n<p>6) Secuestro extorsivo, si se causare la muerte de la persona ofendida, conforme a los supuestos previstos en el art\u00edculo 170, antepen\u00faltimo y ante\u00faltimo p\u00e1rrafos, del C\u00f3digo Penal.<\/p>\n<p>7) Delitos previstos en los art\u00edculos 145 bis y ter del C\u00f3digo Penal.<\/p>\n<p>8) Casos en que sea aplicable el art\u00edculo 41 quinquies del C\u00f3digo Penal.<\/p>\n<p>9) Financiamiento del terrorismo previsto en el art\u00edculo 306 del C\u00f3digo Penal.<\/p>\n<p>10) Delitos previstos en los art\u00edculos 5\u00b0, 6\u00b0 y 7\u00b0 de la ley 23.737 o la que en el futuro la reemplace.<\/p>\n<p>11) Delitos previstos en los art\u00edculos 865, 866 y 867 del C\u00f3digo Aduanero.<\/p>\n<h2>Robledo Puch, la excepci\u00f3n a la regla<\/h2>\n<p><b>Carlos Robledo Puch<\/b>, el \u00ab\u00c1ngel Negro\u00bb, acusado de cometer\u00a010 asesinatos, m\u00e1s robos, violaci\u00f3n y otra serie de delitos, fue condenado a prisi\u00f3n perpetua en 1980 pero <b>a\u00fan sigue preso, luego de 50 a\u00f1os<\/b>. \u00bfPor qu\u00e9?<\/p>\n<p>Robledo Puch puede solicitar su libertad condicional desde el a\u00f1o 2000, y <b>as\u00ed lo hizo cinco veces, pero todas las solicitudes fueron denegadas.<\/b> En la primera ocasi\u00f3n, en 2008, el juez que atendi\u00f3 su solicitud se la deneg\u00f3 por considerar que no se hab\u00eda reformado de manera positiva en ninguno de los aspectos sociol\u00f3gicos necesarios para vivir en libertad, adem\u00e1s de no poseer familiares directos que pudieran contenerlo.<\/p>\n<p>La \u00faltima vez que solicit\u00f3 la libertad condicional, en marzo de 2016, al \u00ab\u00c1ngel de la Muerte\u00bb le preguntaron qu\u00e9 har\u00eda si saliese en libertad, y <b>amenaz\u00f3 con matar a Cristina Kirchner<\/b>. Desde ese momento, solo sali\u00f3 del penal de Sierra Chica por un d\u00eda: <b>fue llevado a la Asesor\u00eda Pericial de San Isidro para ser sometido a una serie de pericias m\u00e9dicas, debido a su deteriorada salud<\/b>. En esa ocasi\u00f3n fue escoltado ida y vuelta por una decena de efectivos.<\/p>\n<\/div>\n<\/div>\n","protected":false},"excerpt":{"rendered":"<p>Este 6 de febrero se conoci\u00f3 el veredicto del juicio que comenz\u00f3 el 2 de enero en los Tribunales de Dolores contra los ocho asesinos imputados por el crimen de Fernando B\u00e1ez Sosa, que ten\u00eda 18 a\u00f1os cuando fue atacado a golpes a la salida del boliche Le Brique en Villa Gesell. As\u00ed, cinco de [&hellip;]<\/p>\n","protected":false},"author":3,"featured_media":97371,"comment_status":"closed","ping_status":"closed","sticky":false,"template":"","format":"standard","meta":{"footnotes":""},"categories":[3],"tags":[],"class_list":["post-97370","post","type-post","status-publish","format-standard","has-post-thumbnail","category-masnoticias"],"_links":{"self":[{"href":"https:\/\/primicias2262.com\/noticias\/wp-json\/wp\/v2\/posts\/97370","targetHints":{"allow":["GET"]}}],"collection":[{"href":"https:\/\/primicias2262.com\/noticias\/wp-json\/wp\/v2\/posts"}],"about":[{"href":"https:\/\/primicias2262.com\/noticias\/wp-json\/wp\/v2\/types\/post"}],"author":[{"embeddable":true,"href":"https:\/\/primicias2262.com\/noticias\/wp-json\/wp\/v2\/users\/3"}],"replies":[{"embeddable":true,"href":"https:\/\/primicias2262.com\/noticias\/wp-json\/wp\/v2\/comments?post=97370"}],"version-history":[{"count":0,"href":"https:\/\/primicias2262.com\/noticias\/wp-json\/wp\/v2\/posts\/97370\/revisions"}],"wp:attachment":[{"href":"https:\/\/primicias2262.com\/noticias\/wp-json\/wp\/v2\/media?parent=97370"}],"wp:term":[{"taxonomy":"category","embeddable":true,"href":"https:\/\/primicias2262.com\/noticias\/wp-json\/wp\/v2\/categories?post=97370"},{"taxonomy":"post_tag","embeddable":true,"href":"https:\/\/primicias2262.com\/noticias\/wp-json\/wp\/v2\/tags?post=97370"}],"curies":[{"name":"wp","href":"https:\/\/api.w.org\/{rel}","templated":true}]}}