{"id":97379,"date":"2023-02-07T09:12:48","date_gmt":"2023-02-07T12:12:48","guid":{"rendered":"https:\/\/primicias2262.com\/?p=97379"},"modified":"2023-02-07T09:12:48","modified_gmt":"2023-02-07T12:12:48","slug":"necochea-nos-necesita-muy-unidos-porque-la-dirigencia-local-ha-sido-muy-individualista","status":"publish","type":"post","link":"https:\/\/primicias2262.com\/noticias\/necochea-nos-necesita-muy-unidos-porque-la-dirigencia-local-ha-sido-muy-individualista\/","title":{"rendered":"\u201cNecochea nos necesita muy unidos porque la dirigencia local ha sido muy individualista\u201d"},"content":{"rendered":"<p><strong>As\u00ed lo expres\u00f3 el pre candidato a intendente de Necochea por el PRO en el espacio Juntos, Mart\u00edn Migueles, quien en una extensa nota realizada por el periodista Jorge G\u00f3mez en los estudios de \u201cVoces de la Ciudad\u201d asegur\u00f3 que \u201chay cinco o seis temas que no tienen partido y est\u00e1 relacionado con una actitud que tenemos que cambiar los necochenses\u201d, en referencia a la planta de efluentes cloacales, el tratamiento de la basura, la seguridad, el Hospital Municipal y dem\u00e1s.<\/strong><\/p>\n<p>De cara primeramente al 13 de agosto para las elecciones primarias, y eventualmente para las generales del 22 de octubre, Migueles afirm\u00f3 que \u00abquiero que seamos una oferta electoral que conduzca el pa\u00eds a un destino diferente, donde se respeten las instituciones, que se respete la divisi\u00f3n de poderes y la palabra en el Congreso. Se tiene que definir una econom\u00eda que permita que el pa\u00eds se desarrolle, no como la actual, que est\u00e1 estatizada y llena de subsidios, que hace que nuestros chicos se vayan a formarse a otro pa\u00eds, el Estado que le paga a los militantes con un puesto y eso es un fracaso, hoy estamos a un 50% de pobres, es un modelo que fracas\u00f3, como en Venezuela y Cuba y que en ning\u00fan lugar del mundo tuvo un \u00e1pice de \u00e9xito. Yo quiero luchar contra eso\u201d.<\/p>\n<p>Pero puertas adentro de la ciudad, Migueles habl\u00f3 de los temas centrales y empez\u00f3 por la planta ede efluentes cloacales. \u201c Cuando me decido lanzarme a hacer pol\u00edtica me asesor\u00e9 con gente de excelente nivel en varios temas, como efluentes cloacales, tuve varias entrevistas con ingenieros y bi\u00f3logos, y empec\u00e9 a construir una idea de lo que tenemos que hacer en Necochea. \u00a0Creo que la planta de tratamiento cloacales y el saneamiento de las aguas servidas es un tema que nunca lo hicimos, Punta Carballido es un lugar de contaminaci\u00f3n y puede llegar a arruinar parte de la costa de Quequ\u00e9n, es un tema pendiente\u201d.<\/p>\n<p><a href=\"https:\/\/primicias2262.com\/wp-content\/uploads\/2023\/01\/Migueles-y-Rodriguez-Larreta.jpg\"><img loading=\"lazy\" decoding=\"async\" class=\"aligncenter size-full wp-image-96589\" src=\"https:\/\/primicias2262.com\/wp-content\/uploads\/2023\/01\/Migueles-y-Rodriguez-Larreta.jpg\" alt=\"\" width=\"591\" height=\"333\" \/><\/a>Ampli\u00f3 como referencia que \u201chay ciudades mucho m\u00e1s avanzadas con tratamiento y limpieza, sin ir m\u00e1s lejos Tandil y Mar del Plata. Se puede hacer con dos tipos de financiaci\u00f3n, municipal e internacional. Sale tres millones de d\u00f3lares, Mar del Plata lo hizo por etapas, la planta de tratamiento, despu\u00e9s hizo el emisario, emplearon con la cloraci\u00f3n intermitente, empezaron a medir el agua, el grado de contaminaci\u00f3n de la playa\u2026 y eso no es dif\u00edcil, es actitud, es hacerlo. No tenemos ni siquiera el diagn\u00f3stico, pero para hacer esas cosas necesit\u00e1s el trabajo intelectual, independientemente de la cantidad de habitantes que tengas\u201d.<\/p>\n<p>Ante ello, argument\u00f3 que \u201cNecochea nos necesita muy unidos, porque la dirigencia local ha sido muy individualista. Creo que Necochea est\u00e1 desconectado de todos los centro de poder, que nuestros legisladores no est\u00e1n unidos y hemos perdido cantidad de obras p\u00fablicas en la ciudad por el ego\u00edsmo, as\u00ed que creo que es el momento en que Necochea se alinee bien a Provincia y Naci\u00f3n para los grandes proyectos que necesita, y en eso s\u00ed me diferencio con Arturo (Rojas) porque \u00e9l va a estar con el partido vecinal, y yo en un movimiento nacional buscando otro pa\u00eds. Amo mi ciudad y creo que hay cinco o seis temas que no tienen partido y est\u00e1 relacionado con una actitud que tenemos que cambiar los necochenses, tenemos que ser emp\u00e1ticos, amplios y estar bien con todos los referentes locales al momento de ir a pedir\u201d.<\/p>\n<p>Por ello, al ser consultado sobre la cantidad de espacios que componen Juntos y los potenciales pre candidatos, insisti\u00f3 en que \u201cvoy a seguir bregando por la unidad, la uni\u00f3n hace a la fuerza y cuanto m\u00e1s unidos estamos mejor se puede trabajar, y creo sobre temas podemos llegar a ser unidad, aunque tambi\u00e9n es valorable que haya esp\u00edritu de competencia y para eso est\u00e1n las PASO\u201d.<\/p>\n<p>As\u00ed como con la planta de efluentes, se refiri\u00f3 seguidamente a seguridad. \u201cEstuve en el congreso de seguridad de CABA y ellos empezaron a resolver la seguridad con c\u00e1maras, con un monitoreo de toda la ciudad, y como dicen ellos, hay que poner las c\u00e1maras en los lugares calientes, \u00bfy cu\u00e1les son? donde ten\u00e9s la estad\u00edstica del delito, y esa es la manera porque empez\u00e1s a exhibirlos y detectar los lugares, y la polic\u00eda tiene que estar a disposici\u00f3n\u201d.<\/p>\n<p>Asimismo, enfatiz\u00f3 que debe haber detectores de patentes: \u201cHay que monitorear las patentes para detectar autos robados que vienen a la ciudad a trav\u00e9s de sistemas digitales, porque eso es un il\u00edcito en potencia, gente con autos robados a Necochea no puede entrar\u201d, y afirm\u00f3 que \u201ccomo intendente tengo que actuar con herramientas tecnol\u00f3gicas. Por mucho tiempo le echamos la culpa a la Provincia o a la polic\u00eda\u2026 no, la seguridad es local, si a vos te roban todos los d\u00edas en 75 y 74 el problema es m\u00edo, es ah\u00ed que tengo que dotar de c\u00e1maras. Y el poder Judicial tambi\u00e9n estar a la altura\u201d<\/p>\n<p>En cuanto a salud p\u00fablica y el hospital, el expresidente de la Usina y exconcejal manifest\u00f3 que \u201ces otro tema que no est\u00e1 andando bien y la salud est\u00e1 precarizada, hay que integrar a la salud p\u00fablica con la privada, y hay que tercerizar lo tecnol\u00f3gico\u201d, mientras que a la pasada tambi\u00e9n dej\u00f3 un palito para el Consorcio de Gesti\u00f3n de Puerto Quequ\u00e9n: \u201cEl Puerto tiene que reparar el da\u00f1o ambiental de Bah\u00eda de Los Vientos, porque es producto de la extensi\u00f3n de la escollera, tiene que dragar y llevar arena a Monte Pasubio y Costa Bonita. El Consorcio mejor\u00f3 su rentabilidad gracias a la extensi\u00f3n de la escollera, y por ende tiene que llevar arena a la costa de Quequ\u00e9n, que este verano fue un boom con sus hermosas playas\u201d.<\/p>\n<p>Finalmente, habl\u00f3 en general e insisti\u00f3 con el ensanchamiento de la ciudad y los servicios hacia los molinos de Necochea. \u201cCompart\u00ed una imagen del Balneario Los \u00c1ngeles y me preguntaban desde Mar del Plata si eran reales\u2026 tenemos un para\u00edso, es la ciudad m\u00e1s hermosa desde lo natural de la costa atl\u00e1ntica, al parque hay que iluminarlo, forestarlo y que tenga servicios, y de ah\u00ed a 5 kil\u00f3metros ten\u00e9s las mejores playas de Argentina, a 10 kil\u00f3metros de las playas del centro, hacia el Balneario Los \u00c1ngeles\u201d.<\/p>\n","protected":false},"excerpt":{"rendered":"<p>As\u00ed lo expres\u00f3 el pre candidato a intendente de Necochea por el PRO en el espacio Juntos, Mart\u00edn Migueles, quien en una extensa nota realizada por el periodista Jorge G\u00f3mez en los estudios de \u201cVoces de la Ciudad\u201d asegur\u00f3 que \u201chay cinco o seis temas que no tienen partido y est\u00e1 relacionado con una actitud [&hellip;]<\/p>\n","protected":false},"author":3,"featured_media":97383,"comment_status":"closed","ping_status":"closed","sticky":false,"template":"","format":"standard","meta":{"footnotes":""},"categories":[3],"tags":[],"class_list":["post-97379","post","type-post","status-publish","format-standard","has-post-thumbnail","category-masnoticias"],"_links":{"self":[{"href":"https:\/\/primicias2262.com\/noticias\/wp-json\/wp\/v2\/posts\/97379","targetHints":{"allow":["GET"]}}],"collection":[{"href":"https:\/\/primicias2262.com\/noticias\/wp-json\/wp\/v2\/posts"}],"about":[{"href":"https:\/\/primicias2262.com\/noticias\/wp-json\/wp\/v2\/types\/post"}],"author":[{"embeddable":true,"href":"https:\/\/primicias2262.com\/noticias\/wp-json\/wp\/v2\/users\/3"}],"replies":[{"embeddable":true,"href":"https:\/\/primicias2262.com\/noticias\/wp-json\/wp\/v2\/comments?post=97379"}],"version-history":[{"count":0,"href":"https:\/\/primicias2262.com\/noticias\/wp-json\/wp\/v2\/posts\/97379\/revisions"}],"wp:attachment":[{"href":"https:\/\/primicias2262.com\/noticias\/wp-json\/wp\/v2\/media?parent=97379"}],"wp:term":[{"taxonomy":"category","embeddable":true,"href":"https:\/\/primicias2262.com\/noticias\/wp-json\/wp\/v2\/categories?post=97379"},{"taxonomy":"post_tag","embeddable":true,"href":"https:\/\/primicias2262.com\/noticias\/wp-json\/wp\/v2\/tags?post=97379"}],"curies":[{"name":"wp","href":"https:\/\/api.w.org\/{rel}","templated":true}]}}