{"id":97385,"date":"2023-02-07T10:39:03","date_gmt":"2023-02-07T13:39:03","guid":{"rendered":"https:\/\/primicias2262.com\/?p=97385"},"modified":"2023-02-07T10:39:03","modified_gmt":"2023-02-07T13:39:03","slug":"proyectos-en-carpeta-furno-hablo-del-asfalto-de-91-entre-42-y-58-y-mas-bicisendas-en-la-ciudad","status":"publish","type":"post","link":"https:\/\/primicias2262.com\/noticias\/proyectos-en-carpeta-furno-hablo-del-asfalto-de-91-entre-42-y-58-y-mas-bicisendas-en-la-ciudad\/","title":{"rendered":"Proyectos en carpeta: Furno habl\u00f3 del asfalto de 91 entre 42 y 58 y m\u00e1s bicisendas en la ciudad"},"content":{"rendered":"<p><strong>En los estudios de \u201cVoces de la Ciudad\u201d, el secretario de Planeamiento, Obras y Servicios P\u00fablicos, Adri\u00e1n Furno, cont\u00f3 sobre obras para el presente a\u00f1o a trav\u00e9s de fondos municipales y tambi\u00e9n en convenios con el FIM (Fondo de Infraestructura Municipal) de la Provincia y Argentina Hace de la Naci\u00f3n.<\/strong><\/p>\n<p>Consultado por el periodista Jorge G\u00f3mez acerca del pavimento de la Av. 58 entre 81 y 91, Furno enlaz\u00f3 con una importante obra con fondos municipales y posible aporte de frentistas que potenciar\u00e1 a la Av. 91 propiamente dicha, que ser\u00e1 el asfaltado entre 58 y 42, dejando as\u00ed toda la arteria asfaltada desde 58 hasta la Av. 10.<\/p>\n<p>\u201cYa tenemos el proyecto de la 91 entre 42 y 58, la cual no tiene cord\u00f3n central pero es un poco m\u00e1s ancha que la 58; hay que hacer todo el movimiento de suelo y nivelar, ya tiene pluviales y si se financia con tasas municipales se est\u00e1 evaluando si se puede hacer algo de contribuci\u00f3n del frentista por mejora\u201d, es decir hacer declaraci\u00f3n de utilidad p\u00fablica y pago obligatorio, previo paso por el Honorable Concejo Deliberante, \u201cno por el total de obra, pero s\u00ed por un 20 o 30% de recuperaci\u00f3n\u201d.<\/p>\n<p>En ese sentido hay una realidad que marc\u00f3 el funcionario: \u201cPara ir avanzando en las obras y para ingresar a los barrios tiene que haber alg\u00fan justificativo desde el punto de vista del vecino que se ve beneficiado con la obra, excepto en algunos lugares donde el vecino no cuenta con el poder adquisitivo, pero en otros lugares s\u00ed se puede\u201d, y por ende\u201dsi se encara la 91 con fondos propiamente municipales ser\u00eda al 100%, entonces se le pide al frentista, pero igual antes va a votaci\u00f3n del Concejo Deliberante y tiene todo un proceso. Son ideas que uno tiene y que va hablando con la gente que en algunos casos se presentan a la Secretar\u00eda\u201d.<\/p>\n<p>Seguidamente, el secretario se refiri\u00f3 a los financiamientos estatales, tanto al Fondo de Infraestructura Municipal como a Argentina Hace. \u201cEstamos a la espera de los montos asignados, el Intendente est\u00e1 viajando y viendo cu\u00e1l va a ser el Fondo para Necochea y una vez que tengamos la designaci\u00f3n ver si algunas de las obras que estamos cargando por tasas la podemos calzar en el FIM y la hacemos m\u00e1s r\u00e1pido\u201d.<\/p>\n<p>En ese sentido, Furno revel\u00f3 que \u201ctenemos los proyectos, por ejemplo el intendente Arturo Rojas tiene la idea de hacer bicisendas en la Av. 59 desde la calle 100 a la 70, que vendr\u00eda a ser del Hospital hasta la esquina de la Cooperativa, ser\u00eda en el bulevar central y toda equipada con iluminaci\u00f3n y con sectores deportivos, va a ser un cambio importante; y tambi\u00e9n en la 59 mejorar los bulevares de 38 a 70 y con la idea de darle continuidad a la bicisenda\u201d.<\/p>\n<p>Incluso, en el cierre el funcionario aport\u00f3 que \u201cTambi\u00e9n hay otra bicisenda que ya est\u00e1 proyectada en la Av. 2 desde el Hogar Raimondi a Av. Pinolandia y desde Pinolandia a la Av. 10, y por Av. 79 desde la Av. 2 hasta la Diagonal. Son ideas para mejorar y darle preponderancia al peat\u00f3n sobre los veh\u00edculos\u201d.<\/p>\n","protected":false},"excerpt":{"rendered":"<p>En los estudios de \u201cVoces de la Ciudad\u201d, el secretario de Planeamiento, Obras y Servicios P\u00fablicos, Adri\u00e1n Furno, cont\u00f3 sobre obras para el presente a\u00f1o a trav\u00e9s de fondos municipales y tambi\u00e9n en convenios con el FIM (Fondo de Infraestructura Municipal) de la Provincia y Argentina Hace de la Naci\u00f3n. Consultado por el periodista Jorge [&hellip;]<\/p>\n","protected":false},"author":3,"featured_media":94463,"comment_status":"closed","ping_status":"closed","sticky":false,"template":"","format":"standard","meta":{"footnotes":""},"categories":[3],"tags":[],"class_list":["post-97385","post","type-post","status-publish","format-standard","has-post-thumbnail","category-masnoticias"],"_links":{"self":[{"href":"https:\/\/primicias2262.com\/noticias\/wp-json\/wp\/v2\/posts\/97385","targetHints":{"allow":["GET"]}}],"collection":[{"href":"https:\/\/primicias2262.com\/noticias\/wp-json\/wp\/v2\/posts"}],"about":[{"href":"https:\/\/primicias2262.com\/noticias\/wp-json\/wp\/v2\/types\/post"}],"author":[{"embeddable":true,"href":"https:\/\/primicias2262.com\/noticias\/wp-json\/wp\/v2\/users\/3"}],"replies":[{"embeddable":true,"href":"https:\/\/primicias2262.com\/noticias\/wp-json\/wp\/v2\/comments?post=97385"}],"version-history":[{"count":0,"href":"https:\/\/primicias2262.com\/noticias\/wp-json\/wp\/v2\/posts\/97385\/revisions"}],"wp:attachment":[{"href":"https:\/\/primicias2262.com\/noticias\/wp-json\/wp\/v2\/media?parent=97385"}],"wp:term":[{"taxonomy":"category","embeddable":true,"href":"https:\/\/primicias2262.com\/noticias\/wp-json\/wp\/v2\/categories?post=97385"},{"taxonomy":"post_tag","embeddable":true,"href":"https:\/\/primicias2262.com\/noticias\/wp-json\/wp\/v2\/tags?post=97385"}],"curies":[{"name":"wp","href":"https:\/\/api.w.org\/{rel}","templated":true}]}}