{"id":97393,"date":"2023-02-07T12:44:21","date_gmt":"2023-02-07T15:44:21","guid":{"rendered":"https:\/\/primicias2262.com\/?p=97393"},"modified":"2023-02-07T12:44:21","modified_gmt":"2023-02-07T15:44:21","slug":"se-prorroga-por-un-ano-el-vencimiento-del-certificado-unico-de-discapacidad","status":"publish","type":"post","link":"https:\/\/primicias2262.com\/noticias\/se-prorroga-por-un-ano-el-vencimiento-del-certificado-unico-de-discapacidad\/","title":{"rendered":"Se prorroga por un a\u00f1o el vencimiento del Certificado \u00danico de Discapacidad"},"content":{"rendered":"<p>Desde el \u00c1rea de Discapacidad de la comuna, que depende de la Secretar\u00eda de Desarrollo Humano y Pol\u00edticas Sociales, a cargo de Sandra Antenucci, se informa sobre la pr\u00f3rroga de los \u00a0vencimientos del Certificado \u00danico de Discapacidad (CUD) de los a\u00f1os 2022 y 2023.<\/p>\n<p>Respecto al a\u00f1o actual, la Agencia Nacional de Discapacidad (Andis) prorrog\u00f3 este lunes, por el t\u00e9rmino de un a\u00f1o, los Certificados \u00danicos de Discapacidad (CUD) con vencimiento entre el 1\u00b0 de enero y el 31 de diciembre de 2023, en el marco del plan para mejorar el tr\u00e1mite de certificaci\u00f3n que se aprob\u00f3 la semana pasada.<\/p>\n<p>Pero adem\u00e1s, se dispuso por id\u00e9ntico plazo la extensi\u00f3n de los CUD que vencieron en el 2022 y que hab\u00edan sido ya prorrogados.<\/p>\n<p>Por ende, si el CUD venci\u00f3 en 2021 hay que tramitar la renovaci\u00f3n, pero si venci\u00f3 en 2022 se prorroga la vigencia hasta la misma fecha de vencimiento que figura en el CUD, pero de 2024. Es decir, si un CUD venci\u00f3 el 26 de marzo de 2022, con la pr\u00f3rroga ser\u00e1 v\u00e1lido hasta el 26 de marzo de 2024.<\/p>\n<p>En tanto, si el CUD vence en cualquier fecha de 2023, con la medida que se dio a conocer hoy se prorroga su vigencia por un a\u00f1o, hasta la misma fecha de vencimiento que figura en el CUD, pero de 2024.<\/p>\n<p>La medida qued\u00f3 oficializada mediante la publicaci\u00f3n en la edici\u00f3n de este lunes del Bolet\u00edn Oficial de la resoluci\u00f3n 186\/2023, que lleva la firma del director ejecutivo de la Andis, Fernando Galarraga. La misma se inscribe en el \u2018Plan de Promoci\u00f3n, Mejoramiento y Fortalecimiento de la certificaci\u00f3n de la discapacidad\u2019 que aprob\u00f3 el organismo la semana pasada con el objetivo de amplificar el despliegue territorial y promover la eliminaci\u00f3n de la fecha de vencimiento de los CUD.<\/p>\n<p>ART\u00cdCULO 1\u00ba.- Prorr\u00f3guense, por el t\u00e9rmino de UN (1) a\u00f1o contado desde la fecha de su vencimiento, los Certificados \u00danicos de Discapacidad (CUD) emitidos en virtud de las Leyes N\u00ba 22.431 y sus modificatorias y N\u00ba 24.901, con vencimiento entre el 1\u00b0 de enero de 2023 y el 31 de diciembre del 2023, inclusive.<\/p>\n<p>Para saber si un Certificado \u00danico de Discapacidad est\u00e1 vigente, los usuarios pueden realizar una consulta p\u00fablica ingresando a <a href=\"http:\/\/www.argentina.gob.ar\/andis\/consultas-publicas\">www.argentina.gob.ar\/andis\/consultas-publicas<\/a> .<\/p>\n","protected":false},"excerpt":{"rendered":"<p>Desde el \u00c1rea de Discapacidad de la comuna, que depende de la Secretar\u00eda de Desarrollo Humano y Pol\u00edticas Sociales, a cargo de Sandra Antenucci, se informa sobre la pr\u00f3rroga de los \u00a0vencimientos del Certificado \u00danico de Discapacidad (CUD) de los a\u00f1os 2022 y 2023. Respecto al a\u00f1o actual, la Agencia Nacional de Discapacidad (Andis) prorrog\u00f3 [&hellip;]<\/p>\n","protected":false},"author":3,"featured_media":97394,"comment_status":"closed","ping_status":"closed","sticky":false,"template":"","format":"standard","meta":{"footnotes":""},"categories":[3],"tags":[],"class_list":["post-97393","post","type-post","status-publish","format-standard","has-post-thumbnail","category-masnoticias"],"_links":{"self":[{"href":"https:\/\/primicias2262.com\/noticias\/wp-json\/wp\/v2\/posts\/97393","targetHints":{"allow":["GET"]}}],"collection":[{"href":"https:\/\/primicias2262.com\/noticias\/wp-json\/wp\/v2\/posts"}],"about":[{"href":"https:\/\/primicias2262.com\/noticias\/wp-json\/wp\/v2\/types\/post"}],"author":[{"embeddable":true,"href":"https:\/\/primicias2262.com\/noticias\/wp-json\/wp\/v2\/users\/3"}],"replies":[{"embeddable":true,"href":"https:\/\/primicias2262.com\/noticias\/wp-json\/wp\/v2\/comments?post=97393"}],"version-history":[{"count":0,"href":"https:\/\/primicias2262.com\/noticias\/wp-json\/wp\/v2\/posts\/97393\/revisions"}],"wp:attachment":[{"href":"https:\/\/primicias2262.com\/noticias\/wp-json\/wp\/v2\/media?parent=97393"}],"wp:term":[{"taxonomy":"category","embeddable":true,"href":"https:\/\/primicias2262.com\/noticias\/wp-json\/wp\/v2\/categories?post=97393"},{"taxonomy":"post_tag","embeddable":true,"href":"https:\/\/primicias2262.com\/noticias\/wp-json\/wp\/v2\/tags?post=97393"}],"curies":[{"name":"wp","href":"https:\/\/api.w.org\/{rel}","templated":true}]}}