{"id":97405,"date":"2023-02-08T10:36:57","date_gmt":"2023-02-08T13:36:57","guid":{"rendered":"https:\/\/primicias2262.com\/?p=97405"},"modified":"2023-02-08T10:36:57","modified_gmt":"2023-02-08T13:36:57","slug":"rumores-anticipan-la-posible-visita-del-ministro-wado-de-pedro-a-necochea","status":"publish","type":"post","link":"https:\/\/primicias2262.com\/noticias\/rumores-anticipan-la-posible-visita-del-ministro-wado-de-pedro-a-necochea\/","title":{"rendered":"El ministro \u201cWado\u201d de Pedro llegar\u00eda este jueves a Necochea"},"content":{"rendered":"<p><strong>La posible llegada a la ciudad del ministro del Interior de la Naci\u00f3n, Eduardo \u00abWado\u00bb de Pedro ser\u00eda en horas de la ma\u00f1ana para reunirse alrededor de las 11 con el intendente Arturo Rojas y posteriormente visitar el Campo Scout del Parque Miguel Lillo, donde se desarrolla un encuentro de l\u00edderes scouts de todo el pa\u00eds.<br \/>\n<\/strong><\/p>\n<p><strong>Por Jorge G\u00f3mez<\/strong><\/p>\n<p><a href=\"https:\/\/primicias2262.com\/wp-content\/uploads\/2021\/08\/Gomez.jpg\"><img loading=\"lazy\" decoding=\"async\" class=\"alignleft size-thumbnail wp-image-80409\" src=\"https:\/\/primicias2262.com\/wp-content\/uploads\/2021\/08\/Gomez-150x150.jpg\" alt=\"\" width=\"150\" height=\"150\" \/><\/a>Numerosos rumores daban cuenta al cierre de estas l\u00edneas de la posible llegada, y por ende visita a Necochea, para este jueves 9 de febrero, del actual ministro del Interior de la Naci\u00f3n, Enrique Eduardo \u201cWado\u201d de Pedro.<\/p>\n<p>Los trascendidos a\u00f1ad\u00edan la alternativa -en el marco de aquellos rumores- de una presunta visita o reuni\u00f3n con el intendente municipal de Necochea, doctor Arturo Rojas, en una recorrida presuntamente institucional, como as\u00ed la variante de poder llegarse hasta el campamento nacional de l\u00edderes scouts que desde el pasado domingo se lleva a cabo con numerosas actividades en el \u00e1rea del Parque Miguel Lillo que administran, circunstancia que informa de la presencia de 600 personas de distintos puntos del pa\u00eds.<\/p>\n","protected":false},"excerpt":{"rendered":"<p>La posible llegada a la ciudad del ministro del Interior de la Naci\u00f3n, Eduardo \u00abWado\u00bb de Pedro ser\u00eda en horas de la ma\u00f1ana para reunirse alrededor de las 11 con el intendente Arturo Rojas y posteriormente visitar el Campo Scout del Parque Miguel Lillo, donde se desarrolla un encuentro de l\u00edderes scouts de todo el [&hellip;]<\/p>\n","protected":false},"author":3,"featured_media":97406,"comment_status":"closed","ping_status":"closed","sticky":false,"template":"","format":"standard","meta":{"footnotes":""},"categories":[3],"tags":[],"class_list":["post-97405","post","type-post","status-publish","format-standard","has-post-thumbnail","category-masnoticias"],"_links":{"self":[{"href":"https:\/\/primicias2262.com\/noticias\/wp-json\/wp\/v2\/posts\/97405","targetHints":{"allow":["GET"]}}],"collection":[{"href":"https:\/\/primicias2262.com\/noticias\/wp-json\/wp\/v2\/posts"}],"about":[{"href":"https:\/\/primicias2262.com\/noticias\/wp-json\/wp\/v2\/types\/post"}],"author":[{"embeddable":true,"href":"https:\/\/primicias2262.com\/noticias\/wp-json\/wp\/v2\/users\/3"}],"replies":[{"embeddable":true,"href":"https:\/\/primicias2262.com\/noticias\/wp-json\/wp\/v2\/comments?post=97405"}],"version-history":[{"count":0,"href":"https:\/\/primicias2262.com\/noticias\/wp-json\/wp\/v2\/posts\/97405\/revisions"}],"wp:attachment":[{"href":"https:\/\/primicias2262.com\/noticias\/wp-json\/wp\/v2\/media?parent=97405"}],"wp:term":[{"taxonomy":"category","embeddable":true,"href":"https:\/\/primicias2262.com\/noticias\/wp-json\/wp\/v2\/categories?post=97405"},{"taxonomy":"post_tag","embeddable":true,"href":"https:\/\/primicias2262.com\/noticias\/wp-json\/wp\/v2\/tags?post=97405"}],"curies":[{"name":"wp","href":"https:\/\/api.w.org\/{rel}","templated":true}]}}