{"id":97409,"date":"2023-02-08T10:44:22","date_gmt":"2023-02-08T13:44:22","guid":{"rendered":"https:\/\/primicias2262.com\/?p=97409"},"modified":"2023-02-08T10:44:22","modified_gmt":"2023-02-08T13:44:22","slug":"franco-de-benedictis-presento-el-diseno-de-su-dodge-y-probo-en-olavarria","status":"publish","type":"post","link":"https:\/\/primicias2262.com\/noticias\/franco-de-benedictis-presento-el-diseno-de-su-dodge-y-probo-en-olavarria\/","title":{"rendered":"Franco De Benedictis present\u00f3 el dise\u00f1o de su Dodge y prob\u00f3 en Olavarr\u00eda"},"content":{"rendered":"<p><strong>La pantera estuvo girando en el aut\u00f3dromo de Olavarr\u00eda previo al inicio del campeonato del TC Pista el pr\u00f3ximo fin de semana.<\/strong><\/p>\n<p>El necochense Franco De Benedictis present\u00f3 en sus redes sociales el dise\u00f1o que estar\u00e1 utilizando en su Dodge del equipo SAP Team en una nueva temporada dentro del TC Pista. El auto mantiene un dise\u00f1o muy similar al de la temporada pasada (el mismo de todo el equipo) con algunos cambios en sus publicidades, manteniendo el n\u00famero 121 en sus laterales.<\/p>\n<p>En la tarde de este Martes, la pantera realiz\u00f3 un ensayo en el aut\u00f3dromo de Olavarr\u00eda para chequear que todo funcione correctamente en la Dodge que fue desarmada por completo en este receso para realizar diversas modificaciones y un repaso general de la unidad. El auto tuvo un muy buen funcionamiento por lo que dej\u00f3 muy conforme a Franco y todo su equipo.<\/p>\n<p><a href=\"https:\/\/primicias2262.com\/wp-content\/uploads\/2023\/02\/diseno-dodge-Franco3.jpg\"><img loading=\"lazy\" decoding=\"async\" class=\"aligncenter size-large wp-image-97412\" src=\"https:\/\/primicias2262.com\/wp-content\/uploads\/2023\/02\/diseno-dodge-Franco3-1024x1024.jpg\" alt=\"\" width=\"696\" height=\"696\" \/><\/a>La temporada del TC y TC Pista comenzara el pr\u00f3ximo fin de semana 11 y 12 de Febrero en el aut\u00f3dromo de Viedma, Rio Negro.<\/p>\n<p>Franco De Benedictis: \u201cEstoy muy contento de comenzar un nuevo a\u00f1o deportivo y m\u00e1s a\u00fan de seguir dentro del TC Pista. Tenemos grandes expectativas de pelear en los primeros planos por c\u00f3mo funcionamos en las fechas que disputamos el a\u00f1o pasado. Hoy estuvimos probando en Olavarr\u00eda y la verdad que el auto funciona muy bien por lo que esperamos arrancar con el pie derecho en Viedma. Quiero agradecerles enormemente a todos mis sponsors por el gran esfuerzo que hacen para que yo pueda estar corriendo y a todo el equipo por el excelente trabajo que realizaron en este receso. Vamos con todo a Viedma\u201d.<\/p>\n<p><a href=\"https:\/\/primicias2262.com\/wp-content\/uploads\/2023\/02\/diseno-dodge-Franco.jpg\"><img loading=\"lazy\" decoding=\"async\" class=\"aligncenter size-large wp-image-97410\" src=\"https:\/\/primicias2262.com\/wp-content\/uploads\/2023\/02\/diseno-dodge-Franco-1024x1024.jpg\" alt=\"\" width=\"696\" height=\"696\" \/><\/a><\/p>\n","protected":false},"excerpt":{"rendered":"<p>La pantera estuvo girando en el aut\u00f3dromo de Olavarr\u00eda previo al inicio del campeonato del TC Pista el pr\u00f3ximo fin de semana. El necochense Franco De Benedictis present\u00f3 en sus redes sociales el dise\u00f1o que estar\u00e1 utilizando en su Dodge del equipo SAP Team en una nueva temporada dentro del TC Pista. El auto mantiene [&hellip;]<\/p>\n","protected":false},"author":3,"featured_media":97412,"comment_status":"closed","ping_status":"closed","sticky":false,"template":"","format":"standard","meta":{"footnotes":""},"categories":[3],"tags":[],"class_list":["post-97409","post","type-post","status-publish","format-standard","has-post-thumbnail","category-masnoticias"],"_links":{"self":[{"href":"https:\/\/primicias2262.com\/noticias\/wp-json\/wp\/v2\/posts\/97409","targetHints":{"allow":["GET"]}}],"collection":[{"href":"https:\/\/primicias2262.com\/noticias\/wp-json\/wp\/v2\/posts"}],"about":[{"href":"https:\/\/primicias2262.com\/noticias\/wp-json\/wp\/v2\/types\/post"}],"author":[{"embeddable":true,"href":"https:\/\/primicias2262.com\/noticias\/wp-json\/wp\/v2\/users\/3"}],"replies":[{"embeddable":true,"href":"https:\/\/primicias2262.com\/noticias\/wp-json\/wp\/v2\/comments?post=97409"}],"version-history":[{"count":0,"href":"https:\/\/primicias2262.com\/noticias\/wp-json\/wp\/v2\/posts\/97409\/revisions"}],"wp:attachment":[{"href":"https:\/\/primicias2262.com\/noticias\/wp-json\/wp\/v2\/media?parent=97409"}],"wp:term":[{"taxonomy":"category","embeddable":true,"href":"https:\/\/primicias2262.com\/noticias\/wp-json\/wp\/v2\/categories?post=97409"},{"taxonomy":"post_tag","embeddable":true,"href":"https:\/\/primicias2262.com\/noticias\/wp-json\/wp\/v2\/tags?post=97409"}],"curies":[{"name":"wp","href":"https:\/\/api.w.org\/{rel}","templated":true}]}}