{"id":97415,"date":"2023-02-08T10:58:16","date_gmt":"2023-02-08T13:58:16","guid":{"rendered":"https:\/\/primicias2262.com\/?p=97415"},"modified":"2023-02-08T10:58:16","modified_gmt":"2023-02-08T13:58:16","slug":"faltante-de-remises-el-registro-de-aspirantes-esta-abierto-pero-no-aparecen-interesados","status":"publish","type":"post","link":"https:\/\/primicias2262.com\/noticias\/faltante-de-remises-el-registro-de-aspirantes-esta-abierto-pero-no-aparecen-interesados\/","title":{"rendered":"Faltante de remises: el registro de aspirantes est\u00e1 abierto pero no aparecen interesados"},"content":{"rendered":"<p>La falta de remises en Necochea y Quequ\u00e9n ante la gran demanda, sobre todo en fines de semana o en d\u00edas lluviosos, es recurrente, y desde la \u00f3rbita municipal se precis\u00f3 que <strong>se debe fundamentalmente a cuestiones econ\u00f3micas.<\/strong><\/p>\n<p>Al respecto, el director de Transporte P\u00fablico, Facundo Croci, pas\u00f3 por los estudios de \u201cVoces de la Ciudad\u201d y ante la consulta del periodista Jorge G\u00f3mez aleg\u00f3 que \u201cla realidad es econ\u00f3mica claramente\u2026 el registro de aspirantes est\u00e1 abierto hace un a\u00f1o e ingresaron 20 unidades nuevas \u00fanicamente en todo un a\u00f1o\u201d.<\/p>\n<p>Acot\u00f3 que \u201cla herramienta que ten\u00eda el Departamento Ejecutivo era abrir el registro de aspirantes para que puedan acceder a licencia y puedan haber m\u00e1s unidades. Pero la realidad econ\u00f3mica del pa\u00eds hace que el que tiene la plata pueda elegir entre comprar un auto o no, la realidad es que mucha gente no puede acceder a un auto, y es as\u00ed que tenemos autos pasados de modelo y el Concejo Deliberante, en buena hora, los ha prorrogado, aprobando por ejemplo autos modelo 2010, porque lo necesita tanto el servicio como el trabajador, entonces hoy estamos hablando de tres pr\u00f3rrogas, la ordenanza marca una antig\u00fcedad de 10 a\u00f1os y tres de excepci\u00f3n\u201d.<\/p>\n<p><a href=\"https:\/\/primicias2262.com\/wp-content\/uploads\/2023\/02\/facundo-croci.jpeg\"><img loading=\"lazy\" decoding=\"async\" class=\"aligncenter size-full wp-image-97416\" src=\"https:\/\/primicias2262.com\/wp-content\/uploads\/2023\/02\/facundo-croci.jpeg\" alt=\"\" width=\"1024\" height=\"768\" \/><\/a>Por ende, \u201cel registro est\u00e1 abierto pero no aparecen interesados\u201d, sostuvo el funcionario, y ejemplific\u00f3: \u201cHablemos de un Chevrolet Corsa 2015, que est\u00e1 a casi 2 millones de pesos, muchos no tienen esa plata, y el que lo tiene no lo quiere arriesgar. Los remises trabajar est\u00e1n trabajando muy bien pero tiene que ver con la capacidad econ\u00f3mica del trabajador para comprar, y hay muchos viajes porque hay pocos coches, es otra realidad\u201d.<\/p>\n<p>No obstante, Croci manifest\u00f3 que \u201ccuando estamos en hora pico o llueve, as\u00ed tengas 500 remises tampoco te alcanza. Hoy habilitados tenemos 319 remises, y las remiseras pueden cubrir nocturnidad con un tercio de la flota, que es lo que la gente m\u00e1s se queja. O sea si tiene 50 autos habilitados, son solo 15 los que te cubren la noche. Tenemos tres grandes remiseras, el resto son peque\u00f1as y las peque\u00f1as no est\u00e1n obligadas a cubrir la nocturnidad\u201d.<\/p>\n<p>Finalmente, se refiri\u00f3 a los taxis. \u201cEn Necochea ten\u00e9s 176 taxis habilitados actualmente, de los cuales algo m\u00e1s de 40 est\u00e1n notificados a que cumplan el Art\u00edculo 12 de la Ordenanza de cubrir el servicio en forma interrumpida, y hay taxis que hace m\u00e1s de un a\u00f1o que no vienen a inspecci\u00f3n, y por lo tanto no est\u00e1n cumpliendo. Se los notifica, se les da diez d\u00edas h\u00e1biles para que vuelvan al servicio y caso contrario se da la baja\u201d.<\/p>\n<p>\u201cTenemos un registro de aspirantes desde el 2005 y son 67 los taxis que est\u00e1n a la espera de alguno que se d\u00e9 de baja\u201d, concluy\u00f3 Croci.<\/p>\n","protected":false},"excerpt":{"rendered":"<p>La falta de remises en Necochea y Quequ\u00e9n ante la gran demanda, sobre todo en fines de semana o en d\u00edas lluviosos, es recurrente, y desde la \u00f3rbita municipal se precis\u00f3 que se debe fundamentalmente a cuestiones econ\u00f3micas. Al respecto, el director de Transporte P\u00fablico, Facundo Croci, pas\u00f3 por los estudios de \u201cVoces de la [&hellip;]<\/p>\n","protected":false},"author":3,"featured_media":97419,"comment_status":"closed","ping_status":"closed","sticky":false,"template":"","format":"standard","meta":{"footnotes":""},"categories":[3],"tags":[],"class_list":["post-97415","post","type-post","status-publish","format-standard","has-post-thumbnail","category-masnoticias"],"_links":{"self":[{"href":"https:\/\/primicias2262.com\/noticias\/wp-json\/wp\/v2\/posts\/97415","targetHints":{"allow":["GET"]}}],"collection":[{"href":"https:\/\/primicias2262.com\/noticias\/wp-json\/wp\/v2\/posts"}],"about":[{"href":"https:\/\/primicias2262.com\/noticias\/wp-json\/wp\/v2\/types\/post"}],"author":[{"embeddable":true,"href":"https:\/\/primicias2262.com\/noticias\/wp-json\/wp\/v2\/users\/3"}],"replies":[{"embeddable":true,"href":"https:\/\/primicias2262.com\/noticias\/wp-json\/wp\/v2\/comments?post=97415"}],"version-history":[{"count":0,"href":"https:\/\/primicias2262.com\/noticias\/wp-json\/wp\/v2\/posts\/97415\/revisions"}],"wp:attachment":[{"href":"https:\/\/primicias2262.com\/noticias\/wp-json\/wp\/v2\/media?parent=97415"}],"wp:term":[{"taxonomy":"category","embeddable":true,"href":"https:\/\/primicias2262.com\/noticias\/wp-json\/wp\/v2\/categories?post=97415"},{"taxonomy":"post_tag","embeddable":true,"href":"https:\/\/primicias2262.com\/noticias\/wp-json\/wp\/v2\/tags?post=97415"}],"curies":[{"name":"wp","href":"https:\/\/api.w.org\/{rel}","templated":true}]}}