{"id":97441,"date":"2023-02-08T13:32:44","date_gmt":"2023-02-08T16:32:44","guid":{"rendered":"https:\/\/primicias2262.com\/?p=97441"},"modified":"2023-02-08T13:32:44","modified_gmt":"2023-02-08T16:32:44","slug":"proponen-que-la-municipalidad-adhiera-al-programa-precios-justos","status":"publish","type":"post","link":"https:\/\/primicias2262.com\/noticias\/proponen-que-la-municipalidad-adhiera-al-programa-precios-justos\/","title":{"rendered":"Proponen que la Municipalidad adhiera al programa Precios Justos"},"content":{"rendered":"<p><strong>Por Jorge G\u00f3mez<\/strong><\/p>\n<p><a href=\"https:\/\/primicias2262.com\/wp-content\/uploads\/2021\/08\/Gomez.jpg\"><img loading=\"lazy\" decoding=\"async\" class=\"alignleft size-thumbnail wp-image-80409\" src=\"https:\/\/primicias2262.com\/wp-content\/uploads\/2021\/08\/Gomez-150x150.jpg\" alt=\"\" width=\"150\" height=\"150\" \/><\/a>El presidente del interbloque de concejales del Frente de Todos, Mauro Vel\u00e1zquez, present\u00f3 un proyecto de ordenanza solicitando que la Municipalidad de Necochea se adhiera \u201cen todos sus t\u00e9rminos al programa Precios Justos\u201d dispuesto por el Ministerio de Econom\u00eda de la Naci\u00f3n, y cuyos alcances est\u00e1n contenidos en la resoluci\u00f3n N\u00ba 823\/22.<\/p>\n<p>La iniciativa fue puesta a consideraci\u00f3n del Concejo Deliberante local, fechada este pasado martes 7 de febrero. Y a\u00f1ade, en su art\u00edculo 2\u00ba, la solicitud de que se autorice al Departamento Ejecutivo comunal necochense \u201ca firmar los convenios pertinentes para la implementaci\u00f3n del referido programa Precios Justos\u201d.<\/p>\n<p>Entre los fundamentos que sustentan este programa surgido de la repartici\u00f3n nacional que encabeza el ministro Sergio Massa se da cuenta que tiene \u201cel objeto de garantizar la venta al consumidor final de ciertos productos a un precio fijo o con una variaci\u00f3n constante y previamente acordada por un plazo determinado que le otorgue previsibilidad\u201d.<\/p>\n<p><strong>El texto del proyecto ingresado al HCD es el siguiente:<\/strong><\/p>\n\n","protected":false},"excerpt":{"rendered":"<p>Por Jorge G\u00f3mez El presidente del interbloque de concejales del Frente de Todos, Mauro Vel\u00e1zquez, present\u00f3 un proyecto de ordenanza solicitando que la Municipalidad de Necochea se adhiera \u201cen todos sus t\u00e9rminos al programa Precios Justos\u201d dispuesto por el Ministerio de Econom\u00eda de la Naci\u00f3n, y cuyos alcances est\u00e1n contenidos en la resoluci\u00f3n N\u00ba 823\/22. [&hellip;]<\/p>\n","protected":false},"author":3,"featured_media":96071,"comment_status":"closed","ping_status":"closed","sticky":false,"template":"","format":"standard","meta":{"footnotes":""},"categories":[3],"tags":[],"class_list":["post-97441","post","type-post","status-publish","format-standard","has-post-thumbnail","category-masnoticias"],"_links":{"self":[{"href":"https:\/\/primicias2262.com\/noticias\/wp-json\/wp\/v2\/posts\/97441","targetHints":{"allow":["GET"]}}],"collection":[{"href":"https:\/\/primicias2262.com\/noticias\/wp-json\/wp\/v2\/posts"}],"about":[{"href":"https:\/\/primicias2262.com\/noticias\/wp-json\/wp\/v2\/types\/post"}],"author":[{"embeddable":true,"href":"https:\/\/primicias2262.com\/noticias\/wp-json\/wp\/v2\/users\/3"}],"replies":[{"embeddable":true,"href":"https:\/\/primicias2262.com\/noticias\/wp-json\/wp\/v2\/comments?post=97441"}],"version-history":[{"count":0,"href":"https:\/\/primicias2262.com\/noticias\/wp-json\/wp\/v2\/posts\/97441\/revisions"}],"wp:attachment":[{"href":"https:\/\/primicias2262.com\/noticias\/wp-json\/wp\/v2\/media?parent=97441"}],"wp:term":[{"taxonomy":"category","embeddable":true,"href":"https:\/\/primicias2262.com\/noticias\/wp-json\/wp\/v2\/categories?post=97441"},{"taxonomy":"post_tag","embeddable":true,"href":"https:\/\/primicias2262.com\/noticias\/wp-json\/wp\/v2\/tags?post=97441"}],"curies":[{"name":"wp","href":"https:\/\/api.w.org\/{rel}","templated":true}]}}