{"id":97446,"date":"2023-02-09T11:24:59","date_gmt":"2023-02-09T14:24:59","guid":{"rendered":"https:\/\/primicias2262.com\/?p=97446"},"modified":"2023-02-09T11:24:59","modified_gmt":"2023-02-09T14:24:59","slug":"hubo-rotacion-de-efectivos-y-ya-esta-en-accion-la-segunda-tanda-del-operativo-sol","status":"publish","type":"post","link":"https:\/\/primicias2262.com\/noticias\/hubo-rotacion-de-efectivos-y-ya-esta-en-accion-la-segunda-tanda-del-operativo-sol\/","title":{"rendered":"Hubo rotaci\u00f3n de efectivos y ya est\u00e1 en acci\u00f3n la segunda tanda del Operativo Sol"},"content":{"rendered":"<p><strong>Se pusieron en funciones este mi\u00e9rcoles por la ma\u00f1ana, seg\u00fan lo confirm\u00f3 el subsecretario de Prevenci\u00f3n y Monitoreo municipal, \u00c1ngel V\u00e1zquez en una nota telef\u00f3nica en \u201cVoces de la Ciudad\u201d, realizada por el periodista Jorge G\u00f3mez.<\/strong><\/p>\n<p>En la semana de rotaci\u00f3n de refuerzos del Operativo Sol, V\u00e1zquez analiz\u00f3 primeramente \u201cenero ha sido fant\u00e1stico para la zona costera de la Provincia de Buenos Aires, ha venido mucha gente y se han implementado operativos desde el \u00e1mbito municipal para que no ocurran accidentes y la gente pueda regresar tranquila, desviando algunos sectores de la 10 para que no se haga el cuello de botella en la Av. 2\u201d.<\/p>\n<p>\u201cArbitramos todos los medios y ahora estamos con el relevo de efectivos del Operativo Sol, unos 100 que han hecho el relevo, ya esta ma\u00f1ana estaban preparados, van a la Jefatura Departamental para recibir directivas y hacer la situaci\u00f3n operativa a desarrollar. As\u00ed que estamos recibiendo esta segunda tanda que esperemos trabaje de la misma manera que la primera\u201d.<\/p>\n<p>Respecto al alcance temporario del operativo, el funcionario se\u00f1al\u00f3 que generalmente hay una merma a fines de febrero y una tanda se quedar\u00eda hasta marzo, \u201cpero hay que ver c\u00f3mo se desarrolla este a\u00f1o\u201d, y en ese contexto resalt\u00f3 que \u201chay que destacar el buen trabajo de Caballer\u00eda en los operativos\u201d.<\/p>\n<p>Finalmente, V\u00e1zquez se refiri\u00f3 al suceso de aprehensi\u00f3n de personas que vend\u00edan estupefacientes en la Villa D\u00edaz V\u00e9lez, marihuana y coca\u00edna. \u201cHemos aportado desde el municipio en algunas situaciones que hemos visto de pasamano y consumo de coca\u00edna. Se decomis\u00f3 un volumen grande y son maniobras que a la larga se detectan, as\u00ed que esperemos que las penas no sean las mismas que siempre para que esta gente no siga haciendo la rueda. Hay que ser m\u00e1s severo en estas cuestiones\u201d, afirm\u00f3.<\/p>\n","protected":false},"excerpt":{"rendered":"<p>Se pusieron en funciones este mi\u00e9rcoles por la ma\u00f1ana, seg\u00fan lo confirm\u00f3 el subsecretario de Prevenci\u00f3n y Monitoreo municipal, \u00c1ngel V\u00e1zquez en una nota telef\u00f3nica en \u201cVoces de la Ciudad\u201d, realizada por el periodista Jorge G\u00f3mez. En la semana de rotaci\u00f3n de refuerzos del Operativo Sol, V\u00e1zquez analiz\u00f3 primeramente \u201cenero ha sido fant\u00e1stico para la [&hellip;]<\/p>\n","protected":false},"author":3,"featured_media":96346,"comment_status":"closed","ping_status":"closed","sticky":false,"template":"","format":"standard","meta":{"footnotes":""},"categories":[3],"tags":[],"class_list":["post-97446","post","type-post","status-publish","format-standard","has-post-thumbnail","category-masnoticias"],"_links":{"self":[{"href":"https:\/\/primicias2262.com\/noticias\/wp-json\/wp\/v2\/posts\/97446","targetHints":{"allow":["GET"]}}],"collection":[{"href":"https:\/\/primicias2262.com\/noticias\/wp-json\/wp\/v2\/posts"}],"about":[{"href":"https:\/\/primicias2262.com\/noticias\/wp-json\/wp\/v2\/types\/post"}],"author":[{"embeddable":true,"href":"https:\/\/primicias2262.com\/noticias\/wp-json\/wp\/v2\/users\/3"}],"replies":[{"embeddable":true,"href":"https:\/\/primicias2262.com\/noticias\/wp-json\/wp\/v2\/comments?post=97446"}],"version-history":[{"count":0,"href":"https:\/\/primicias2262.com\/noticias\/wp-json\/wp\/v2\/posts\/97446\/revisions"}],"wp:attachment":[{"href":"https:\/\/primicias2262.com\/noticias\/wp-json\/wp\/v2\/media?parent=97446"}],"wp:term":[{"taxonomy":"category","embeddable":true,"href":"https:\/\/primicias2262.com\/noticias\/wp-json\/wp\/v2\/categories?post=97446"},{"taxonomy":"post_tag","embeddable":true,"href":"https:\/\/primicias2262.com\/noticias\/wp-json\/wp\/v2\/tags?post=97446"}],"curies":[{"name":"wp","href":"https:\/\/api.w.org\/{rel}","templated":true}]}}