{"id":97468,"date":"2023-02-10T08:23:25","date_gmt":"2023-02-10T11:23:25","guid":{"rendered":"https:\/\/primicias2262.com\/?p=97468"},"modified":"2023-02-10T08:23:25","modified_gmt":"2023-02-10T11:23:25","slug":"de-pedro-conversamos-con-el-intendente-algunas-gestiones-para-que-necochea-siga-siendo-una-ciudad-pujante","status":"publish","type":"post","link":"https:\/\/primicias2262.com\/noticias\/de-pedro-conversamos-con-el-intendente-algunas-gestiones-para-que-necochea-siga-siendo-una-ciudad-pujante\/","title":{"rendered":"De Pedro: \u201cConversamos con el Intendente algunas gestiones para que Necochea siga siendo una ciudad pujante\u201d"},"content":{"rendered":"<p><strong>El intendente Arturo Rojas recibi\u00f3 este jueves al ministro del Interior de la Naci\u00f3n, Eduardo \u201cWado\u201d de Pedro, oportunidad en la que compartieron una reuni\u00f3n institucional en el municipio y luego emprendieron una visita a la Base de Campamento Scout, donde se est\u00e1 realizando el Campamento Nacional de L\u00edderes Scouts.<\/strong><\/p>\n<p>Asimismo, la estad\u00eda del Ministro en Necochea incluy\u00f3 una visita al sector del puerto donde Rojas y de Pedro recorrieron el sector de la escollera Sur, mientras que en el despacho comunal mantuvieron una charla con concejales, funcionarios, la diputada provincial, Natalia S\u00e1nchez J\u00e1uregui, el diputado Jos\u00e9 \u00abCote\u00bb Rossi y la secretaria de Transporte de la Naci\u00f3n, Jimena L\u00f3pez.<\/p>\n<p>A modo de bienvenida, el Intendente manifest\u00f3 que \u00abes algo m\u00e1s que importante recibir la visita de \u00abWado\u00bb De Pedro con la posibilidad de conversar sobre la realidad que estamos viviendo en nuestro distrito, la Provincia y el Pa\u00eds, y ver c\u00f3mo nos podemos ir complementando y gestionando diferentes cosas para que el distrito vaya avanzando\u00bb.<\/p>\n<p>Casi en un mismo concepto, el Ministro se\u00f1al\u00f3 a su tiempo que \u00abpara nosotros es una virtud la articulaci\u00f3n que hay entre Naci\u00f3n, Provincia y Municipio, entendemos que hay que priorizar la armon\u00eda en la comunidad y el bienestar de vecinos y vecinas y eso se hace de manera conjunta: Naci\u00f3n, provincia y cada uno de los municipios\u00bb.<\/p>\n<p>De Pedro agreg\u00f3 que \u00abqueremos que nuestros vecinos puedan vivir bien y mejor, que los chicos y las chicas puedan estudiar, que tengan salud, que puedan progresar y que puedan so\u00f1ar un futuro en su ciudad, y para eso hemos conversado con el Intendente algunas gestiones para que Necochea siga siendo esa ciudad pujante que combina campo, playa y puerto y le da un perfil econ\u00f3mico importante a la regi\u00f3n\u00bb.<\/p>\n<p>Finalmente, \u00abWado\u00bb defini\u00f3 a Rojas como \u00abun intendente joven, que tiene mucho presente y futuro\u00bb, y rescat\u00f3 de la reuni\u00f3n que \u00abse estuvo pensando sobre todo en los problemas de Argentina, tenemos un pa\u00eds con una cantidad de obras importantes, con recuperaci\u00f3n econ\u00f3mica, pero sabemos que falta acomodar y hay que acompa\u00f1ar la lucha contra la inflaci\u00f3n, se convers\u00f3 de todo eso\u00bb.<\/p>\n<p>Una vez en el predio Scout de la ciudad, observaron las actividades que se est\u00e1n desarrollando hasta el 11 de febrero inclusive. All\u00ed, los funcionarios tomaron la palabra, rodeados de j\u00f3venes que los recibieron con calidez y simpat\u00eda, coordinados por Marina Rust\u00e1n, quien es la primera mujer en llegar a la presidencia de esta asociaci\u00f3n civil. En sus palabras, y tras una acalorada bienvenida, el jefe comunal volvi\u00f3 a reafirmar que \u201cpara nosotros es muy importante que venga un ministro de la envergadura de \u2018Wado\u2019\u201d.<\/p>\n\n","protected":false},"excerpt":{"rendered":"<p>El intendente Arturo Rojas recibi\u00f3 este jueves al ministro del Interior de la Naci\u00f3n, Eduardo \u201cWado\u201d de Pedro, oportunidad en la que compartieron una reuni\u00f3n institucional en el municipio y luego emprendieron una visita a la Base de Campamento Scout, donde se est\u00e1 realizando el Campamento Nacional de L\u00edderes Scouts. Asimismo, la estad\u00eda del Ministro [&hellip;]<\/p>\n","protected":false},"author":3,"featured_media":97471,"comment_status":"closed","ping_status":"closed","sticky":false,"template":"","format":"standard","meta":{"footnotes":""},"categories":[3],"tags":[],"class_list":["post-97468","post","type-post","status-publish","format-standard","has-post-thumbnail","category-masnoticias"],"_links":{"self":[{"href":"https:\/\/primicias2262.com\/noticias\/wp-json\/wp\/v2\/posts\/97468","targetHints":{"allow":["GET"]}}],"collection":[{"href":"https:\/\/primicias2262.com\/noticias\/wp-json\/wp\/v2\/posts"}],"about":[{"href":"https:\/\/primicias2262.com\/noticias\/wp-json\/wp\/v2\/types\/post"}],"author":[{"embeddable":true,"href":"https:\/\/primicias2262.com\/noticias\/wp-json\/wp\/v2\/users\/3"}],"replies":[{"embeddable":true,"href":"https:\/\/primicias2262.com\/noticias\/wp-json\/wp\/v2\/comments?post=97468"}],"version-history":[{"count":0,"href":"https:\/\/primicias2262.com\/noticias\/wp-json\/wp\/v2\/posts\/97468\/revisions"}],"wp:attachment":[{"href":"https:\/\/primicias2262.com\/noticias\/wp-json\/wp\/v2\/media?parent=97468"}],"wp:term":[{"taxonomy":"category","embeddable":true,"href":"https:\/\/primicias2262.com\/noticias\/wp-json\/wp\/v2\/categories?post=97468"},{"taxonomy":"post_tag","embeddable":true,"href":"https:\/\/primicias2262.com\/noticias\/wp-json\/wp\/v2\/tags?post=97468"}],"curies":[{"name":"wp","href":"https:\/\/api.w.org\/{rel}","templated":true}]}}