{"id":97482,"date":"2023-02-11T17:49:18","date_gmt":"2023-02-11T20:49:18","guid":{"rendered":"https:\/\/primicias2262.com\/?p=97482"},"modified":"2023-02-11T17:49:18","modified_gmt":"2023-02-11T20:49:18","slug":"agua-potable-en-temporada-hemos-andado-bien-tenemos-buena-presion","status":"publish","type":"post","link":"https:\/\/primicias2262.com\/noticias\/agua-potable-en-temporada-hemos-andado-bien-tenemos-buena-presion\/","title":{"rendered":"Agua potable en temporada: \u201cHemos andado bien, tenemos buena presi\u00f3n\u201d"},"content":{"rendered":"<p><strong>As\u00ed lo asegur\u00f3 el director de Infraestructura del municipio, Marcelo G\u00f3mez, quien adem\u00e1s se\u00f1al\u00f3 en \u201cVoces de la Ciudad\u201d que salvo algunos casos muy puntuales, hasta ahora los 47 pozos de agua que est\u00e1n activos han respondido muy bien, a diferencia del a\u00f1o pasado.<\/strong><\/p>\n<p>Consultado por el periodista Jorge G\u00f3mez, el funcionario que depende de Obras P\u00fablicas valor\u00f3 acerca de la provisi\u00f3n de agua potable durante la temporada que \u201chemos andado bien, tenemos buena presi\u00f3n de agua, salvo algunos casos que son puntuales a veces por un ca\u00f1o tapado, llaves de paso rotas o alg\u00fan problema interno de alguna cisterna de los vecinos, no hemos tenido reclamos por falta de presi\u00f3n de agua\u201d.<\/p>\n<p>El director acot\u00f3 que \u201cel clima tambi\u00e9n ha ayudado porque alguna lluvia entre medio ayuda mucho\u201d, aunque no dej\u00f3 de resaltar que \u201cesto es gracias al trabajo que se ha hecho durante todo el a\u00f1o, el mantenimiento de pozos y la funci\u00f3n de los pozos nuevos que se han hecho. El a\u00f1o pasado nos agarr\u00f3 justo en la etapa de terminaci\u00f3n de los pozos, pero este verano nos agarr\u00f3 bien armados con todas las funciones y no hemos tenido problemas gracias a Dios\u201d.<\/p>\n<p><a href=\"https:\/\/primicias2262.com\/wp-content\/uploads\/2023\/02\/Marcelo-Gomez-23.jpg\"><img loading=\"lazy\" decoding=\"async\" class=\"aligncenter size-large wp-image-97483\" src=\"https:\/\/primicias2262.com\/wp-content\/uploads\/2023\/02\/Marcelo-Gomez-23-1024x682.jpg\" alt=\"\" width=\"696\" height=\"464\" \/><\/a>\u201cActivos actualmente tenemos 47 pozos de agua, todos funcionando bien; a la noche sobre la madrugada se paran dos o tres pozos para que la presi\u00f3n no nos provoque roturas de ca\u00f1er\u00edas y a la ma\u00f1ana se vuelven a encender para cuando empieza el consumo\u201d, explic\u00f3 G\u00f3mez.<\/p>\n<p>Finalmente, el titular de Infraestructura tambi\u00e9n se refiri\u00f3 a tema bacheo y los m\u00faltiples trabajos que llevan adelante. \u201cEstamos en 20 y 67 con toda una esquina que desde hace muchos a\u00f1os con el calor y la dilataci\u00f3n de las losas se hab\u00eda formado como una especie de lomo de burro con el pavimento levantado, ya estamos casi terminando sobre la calle 20 con un bache chico que tenemos\u201d.<\/p>\n<p>Agreg\u00f3 a ello que \u201ctambi\u00e9n estamos en 20 entre 63 y 65 con varios baches que estamos aserrando y rompiendo; y en 20 y 75 hay un golpe importante tambi\u00e9n, un pozo que agarraremos en breve para arreglar; tambi\u00e9n en Diagonal San Mart\u00edn y 34, que hab\u00eda un pozo profundo, ya est\u00e1 arreglado y vallado; y en 26 y 57, donde est\u00e1bamos complicados con una c\u00e1mara de cloacas, preparamos todo el bache y estamos por colocar la tosca para hormigonarlo en unos d\u00edas\u201d.<\/p>\n","protected":false},"excerpt":{"rendered":"<p>As\u00ed lo asegur\u00f3 el director de Infraestructura del municipio, Marcelo G\u00f3mez, quien adem\u00e1s se\u00f1al\u00f3 en \u201cVoces de la Ciudad\u201d que salvo algunos casos muy puntuales, hasta ahora los 47 pozos de agua que est\u00e1n activos han respondido muy bien, a diferencia del a\u00f1o pasado. Consultado por el periodista Jorge G\u00f3mez, el funcionario que depende de [&hellip;]<\/p>\n","protected":false},"author":3,"featured_media":86482,"comment_status":"closed","ping_status":"closed","sticky":false,"template":"","format":"standard","meta":{"footnotes":""},"categories":[3],"tags":[],"class_list":["post-97482","post","type-post","status-publish","format-standard","has-post-thumbnail","category-masnoticias"],"_links":{"self":[{"href":"https:\/\/primicias2262.com\/noticias\/wp-json\/wp\/v2\/posts\/97482","targetHints":{"allow":["GET"]}}],"collection":[{"href":"https:\/\/primicias2262.com\/noticias\/wp-json\/wp\/v2\/posts"}],"about":[{"href":"https:\/\/primicias2262.com\/noticias\/wp-json\/wp\/v2\/types\/post"}],"author":[{"embeddable":true,"href":"https:\/\/primicias2262.com\/noticias\/wp-json\/wp\/v2\/users\/3"}],"replies":[{"embeddable":true,"href":"https:\/\/primicias2262.com\/noticias\/wp-json\/wp\/v2\/comments?post=97482"}],"version-history":[{"count":0,"href":"https:\/\/primicias2262.com\/noticias\/wp-json\/wp\/v2\/posts\/97482\/revisions"}],"wp:attachment":[{"href":"https:\/\/primicias2262.com\/noticias\/wp-json\/wp\/v2\/media?parent=97482"}],"wp:term":[{"taxonomy":"category","embeddable":true,"href":"https:\/\/primicias2262.com\/noticias\/wp-json\/wp\/v2\/categories?post=97482"},{"taxonomy":"post_tag","embeddable":true,"href":"https:\/\/primicias2262.com\/noticias\/wp-json\/wp\/v2\/tags?post=97482"}],"curies":[{"name":"wp","href":"https:\/\/api.w.org\/{rel}","templated":true}]}}