{"id":97505,"date":"2023-02-11T17:40:49","date_gmt":"2023-02-11T20:40:49","guid":{"rendered":"https:\/\/primicias2262.com\/?p=97505"},"modified":"2023-02-11T17:40:49","modified_gmt":"2023-02-11T20:40:49","slug":"esta-abierta-la-inscripcion-para-el-plan-fines-2023-con-sus-diferentes-propuestas","status":"publish","type":"post","link":"https:\/\/primicias2262.com\/noticias\/esta-abierta-la-inscripcion-para-el-plan-fines-2023-con-sus-diferentes-propuestas\/","title":{"rendered":"Est\u00e1 abierta la inscripci\u00f3n para el Plan Fines 2023 con sus diferentes propuestas"},"content":{"rendered":"<p><strong>La directora de Educaci\u00f3n, Mariela Cellerino, cont\u00f3 detalles del programa para finalizar el ciclo medio de formaci\u00f3n educativa para mayores de 18 a\u00f1os. Lo hizo a trav\u00e9s de una realizada por el periodista Jorge G\u00f3mez en \u201cVoces de la Ciudad\u201d.<\/strong><\/p>\n<p>\u201cEl Plan Fines es coordinado por Gabriel Fuster, se hace en diferentes espacios, se firman convenios para poder llegar a diferentes barrios y sectores de la ciudad donde hay chicos mayores de 18 a\u00f1os y adultos que no han finalizado y puedan darle finalizaci\u00f3n a sus estudios\u201d, contextualiz\u00f3 la funcionaria, aportando que \u201ctambi\u00e9n hay escuelas para adultos para terminar la Primaria, por ejemplo el a\u00f1o pasado firmamos convenio en una casa del Barrio San Mart\u00edn que tiene la Municipalidad a la cual lleg\u00f3 Primaria para adultos, y seguramente este a\u00f1o vamos a repetir esta posibilidad\u201d.<\/p>\n<p><a href=\"https:\/\/primicias2262.com\/wp-content\/uploads\/2022\/02\/Cellerino.jpeg\"><img loading=\"lazy\" decoding=\"async\" class=\"aligncenter size-full wp-image-87459\" src=\"https:\/\/primicias2262.com\/wp-content\/uploads\/2022\/02\/Cellerino.jpeg\" alt=\"\" width=\"1017\" height=\"641\" \/><\/a>Inform\u00f3 seguidamente que \u201cen el Fines ten\u00e9s dos propuestas, el Fines Trayecto de la Secundaria o el Fines Materias Pendientes, esto va a indicar el plazo de duraci\u00f3n del trayecto que tengas que hacer, no es lo mismo todo el ciclo que una determinada cantidad de materias\u201d. Al respecto, Fines Trayecto Secundaria es tres veces por semana y como m\u00e1ximo tres a\u00f1os, mientras que Fines Materias Pendientes es una vez por semana durante ocho clases.<\/p>\n<p>Los interesados deben presentarse en calle 49 N\u00ba 2557, sede de la Jefatura Distrital, de 13.30 a 18 para anotarse, y \u201cla documentaci\u00f3n a presentar es la misma\u201d, se\u00f1al\u00f3 Cellerino, lo cual consta de Certificado de \u00faltimos estudios cursados; Planilla de inscripci\u00f3n (se compra en Librer\u00eda Am\u00e9rica); dos fotocopias de DNI; una fotocopia de la partida de nacimiento; constancia de cuil y folio oficio.<\/p>\n<p><a href=\"https:\/\/primicias2262.com\/wp-content\/uploads\/2023\/02\/afiche-Fines-2023.jpeg\"><img loading=\"lazy\" decoding=\"async\" class=\"aligncenter size-full wp-image-97506\" src=\"https:\/\/primicias2262.com\/wp-content\/uploads\/2023\/02\/afiche-Fines-2023.jpeg\" alt=\"\" width=\"589\" height=\"833\" \/><\/a><\/p>\n","protected":false},"excerpt":{"rendered":"<p>La directora de Educaci\u00f3n, Mariela Cellerino, cont\u00f3 detalles del programa para finalizar el ciclo medio de formaci\u00f3n educativa para mayores de 18 a\u00f1os. Lo hizo a trav\u00e9s de una realizada por el periodista Jorge G\u00f3mez en \u201cVoces de la Ciudad\u201d. \u201cEl Plan Fines es coordinado por Gabriel Fuster, se hace en diferentes espacios, se firman [&hellip;]<\/p>\n","protected":false},"author":3,"featured_media":97507,"comment_status":"closed","ping_status":"closed","sticky":false,"template":"","format":"standard","meta":{"footnotes":""},"categories":[3],"tags":[],"class_list":["post-97505","post","type-post","status-publish","format-standard","has-post-thumbnail","category-masnoticias"],"_links":{"self":[{"href":"https:\/\/primicias2262.com\/noticias\/wp-json\/wp\/v2\/posts\/97505","targetHints":{"allow":["GET"]}}],"collection":[{"href":"https:\/\/primicias2262.com\/noticias\/wp-json\/wp\/v2\/posts"}],"about":[{"href":"https:\/\/primicias2262.com\/noticias\/wp-json\/wp\/v2\/types\/post"}],"author":[{"embeddable":true,"href":"https:\/\/primicias2262.com\/noticias\/wp-json\/wp\/v2\/users\/3"}],"replies":[{"embeddable":true,"href":"https:\/\/primicias2262.com\/noticias\/wp-json\/wp\/v2\/comments?post=97505"}],"version-history":[{"count":0,"href":"https:\/\/primicias2262.com\/noticias\/wp-json\/wp\/v2\/posts\/97505\/revisions"}],"wp:attachment":[{"href":"https:\/\/primicias2262.com\/noticias\/wp-json\/wp\/v2\/media?parent=97505"}],"wp:term":[{"taxonomy":"category","embeddable":true,"href":"https:\/\/primicias2262.com\/noticias\/wp-json\/wp\/v2\/categories?post=97505"},{"taxonomy":"post_tag","embeddable":true,"href":"https:\/\/primicias2262.com\/noticias\/wp-json\/wp\/v2\/tags?post=97505"}],"curies":[{"name":"wp","href":"https:\/\/api.w.org\/{rel}","templated":true}]}}