{"id":97509,"date":"2023-02-11T18:23:35","date_gmt":"2023-02-11T21:23:35","guid":{"rendered":"https:\/\/primicias2262.com\/?p=97509"},"modified":"2023-02-11T18:23:35","modified_gmt":"2023-02-11T21:23:35","slug":"acompanar-a-las-mujeres-de-engraucop-para-que-no-salga-a-remate-y-se-queden-200-familias-sin-trabajo","status":"publish","type":"post","link":"https:\/\/primicias2262.com\/noticias\/acompanar-a-las-mujeres-de-engraucop-para-que-no-salga-a-remate-y-se-queden-200-familias-sin-trabajo\/","title":{"rendered":"\u201cAcompa\u00f1ar a las mujeres de Engraucop para que no salga a remate y se queden 200 familias sin trabajo\u201d"},"content":{"rendered":"<p><strong>As\u00ed lo afirm\u00f3 el concejal del Frente de Todos y titular del Sindicato \u00danico de Trabajadores de Edificios de Renta y Horizontal, Rafael I\u00e1cono, en nota con \u201cVoces de la Ciudad\u201d, y tras la reuni\u00f3n de la Comisi\u00f3n de Trabajo, Promoci\u00f3n Econ\u00f3mica y Desarrollo del Honorable Concejo Deliberante que \u00e9l mismo preside, en la que el pasado jueves recibieron a los trabajadores de Engraucop.<\/strong><\/p>\n<p>Precisamente, los trabajadores de la Cooperativa Engraucop, que fueron acompa\u00f1ados por su representante legal, Dr. Huberto Santill\u00e1n Garc\u00eda, enfrentan el posible remate de la empresa Engraulis en Quequ\u00e9n, por lo que solicitan el acompa\u00f1amiento del Concejo Deliberante para la defensa de la fuente laboral de los 207 trabajadores de la misma y en consecuencia, de sus familias.<\/p>\n<p>Al respecto, I\u00e1cono manifest\u00f3 ante la consulta del periodista Jorge G\u00f3mez que \u201ces una cooperativa que desde el a\u00f1o 2011 viene trabajando ininterrumpidamente y estamos evaluando desde el Concejo hacer una visita todos los concejales que no pudieron asistir a la reuni\u00f3n para que vean c\u00f3mo se est\u00e1 trabajando en la f\u00e1brica, donde las compa\u00f1eras han invertido much\u00edsimo y me parece totalmente injusto que salga a remate y deje a 200 familias sin trabajo\u201d.<\/p>\n<p><a href=\"https:\/\/primicias2262.com\/wp-content\/uploads\/2023\/02\/9-2-23-Trab1.jpg\"><img loading=\"lazy\" decoding=\"async\" class=\"aligncenter size-full wp-image-97510\" src=\"https:\/\/primicias2262.com\/wp-content\/uploads\/2023\/02\/9-2-23-Trab1.jpg\" alt=\"\" width=\"800\" height=\"360\" \/><\/a>Acot\u00f3 el edil que \u201ca principio de semana me comuniqu\u00e9 con una de las trabajadoras, explicando la situaci\u00f3n que est\u00e1n atravesando y la preocupaci\u00f3n que tienen porque la propiedad salga a remate, la mayor\u00eda son trabajadoras mujeres y solamente hay dos hombres, si sale el remate se quedar\u00edan sin esa fuente laboral, as\u00ed que con el Concejo vamos a acompa\u00f1ar para que esto no salga a remate y pueda seguir trabajando la cooperativa con las anchoas y el trabajo indirecto que se genera con lanchas que vienen de afuera y dem\u00e1s trabajadores que tambi\u00e9n pueden perder su fuente laboral\u201d.<\/p>\n<p>Junto a la secretaria del HCD, Silvia Jensen, y a los concejales que estaban en la reuni\u00f3n (Sergio Nicol\u00e1s y Bernardo Amilcar de Nueva Necochea), nos comprometimos en tratar de darle una soluci\u00f3n pronta a estos trabajadores, porque dejar m\u00e1s de 200 familias en la calle en la situaci\u00f3n compleja en la que estamos es preocupante\u201d, acot\u00f3, para concluir que \u201ces m\u00e1s una gesti\u00f3n pol\u00edtica que otra cosa, y si pasa eso la propiedad quedar\u00eda varada como tantas otras, pero con m\u00e1s de 200 familias abandonasen la calle\u201d.<\/p>\n<p><a href=\"https:\/\/primicias2262.com\/wp-content\/uploads\/2022\/02\/Iacono.jpg\"><img loading=\"lazy\" decoding=\"async\" class=\"aligncenter size-full wp-image-87119\" src=\"https:\/\/primicias2262.com\/wp-content\/uploads\/2022\/02\/Iacono.jpg\" alt=\"\" width=\"800\" height=\"534\" \/><\/a>Finalmente, el titular de SUTERH local afirm\u00f3 que \u201cvine a representar al mundo del trabajo en el Concejo Deliberante y me gustar\u00eda que en las pr\u00f3ximas elecciones tengamos m\u00e1s representaciones gremiales genuinas dentro del Concejo para poder seguir defendiendo al trabajador local, lo cual voy a plantearlo en reuni\u00f3n de CGT el pr\u00f3ximo lunes\u201d.<\/p>\n","protected":false},"excerpt":{"rendered":"<p>As\u00ed lo afirm\u00f3 el concejal del Frente de Todos y titular del Sindicato \u00danico de Trabajadores de Edificios de Renta y Horizontal, Rafael I\u00e1cono, en nota con \u201cVoces de la Ciudad\u201d, y tras la reuni\u00f3n de la Comisi\u00f3n de Trabajo, Promoci\u00f3n Econ\u00f3mica y Desarrollo del Honorable Concejo Deliberante que \u00e9l mismo preside, en la que [&hellip;]<\/p>\n","protected":false},"author":3,"featured_media":97514,"comment_status":"closed","ping_status":"closed","sticky":false,"template":"","format":"standard","meta":{"footnotes":""},"categories":[3],"tags":[],"class_list":["post-97509","post","type-post","status-publish","format-standard","has-post-thumbnail","category-masnoticias"],"_links":{"self":[{"href":"https:\/\/primicias2262.com\/noticias\/wp-json\/wp\/v2\/posts\/97509","targetHints":{"allow":["GET"]}}],"collection":[{"href":"https:\/\/primicias2262.com\/noticias\/wp-json\/wp\/v2\/posts"}],"about":[{"href":"https:\/\/primicias2262.com\/noticias\/wp-json\/wp\/v2\/types\/post"}],"author":[{"embeddable":true,"href":"https:\/\/primicias2262.com\/noticias\/wp-json\/wp\/v2\/users\/3"}],"replies":[{"embeddable":true,"href":"https:\/\/primicias2262.com\/noticias\/wp-json\/wp\/v2\/comments?post=97509"}],"version-history":[{"count":0,"href":"https:\/\/primicias2262.com\/noticias\/wp-json\/wp\/v2\/posts\/97509\/revisions"}],"wp:attachment":[{"href":"https:\/\/primicias2262.com\/noticias\/wp-json\/wp\/v2\/media?parent=97509"}],"wp:term":[{"taxonomy":"category","embeddable":true,"href":"https:\/\/primicias2262.com\/noticias\/wp-json\/wp\/v2\/categories?post=97509"},{"taxonomy":"post_tag","embeddable":true,"href":"https:\/\/primicias2262.com\/noticias\/wp-json\/wp\/v2\/tags?post=97509"}],"curies":[{"name":"wp","href":"https:\/\/api.w.org\/{rel}","templated":true}]}}