{"id":97515,"date":"2023-02-10T12:25:00","date_gmt":"2023-02-10T15:25:00","guid":{"rendered":"https:\/\/primicias2262.com\/?p=97515"},"modified":"2023-02-10T12:25:00","modified_gmt":"2023-02-10T15:25:00","slug":"este-sabado-habra-nuevo-operativo-de-vacunacion-covid-en-el-caps-norte","status":"publish","type":"post","link":"https:\/\/primicias2262.com\/noticias\/este-sabado-habra-nuevo-operativo-de-vacunacion-covid-en-el-caps-norte\/","title":{"rendered":"Este s\u00e1bado habr\u00e1 nuevo operativo de vacunaci\u00f3n Covid en el CAPS Norte"},"content":{"rendered":"<div class=\"wp-block-media-text alignwide is-stacked-on-mobile\">\n<div class=\"wp-block-media-text__content\">\n<p>La Secretar\u00eda de Salud municipal, a cargo de Andrea Perestiuk, anuncia que este s\u00e1bado 11 de febrero se volver\u00e1 a realizar una jornada especial de vacunaci\u00f3n Covid en el CAPS Norte, ubicado en calle 66 N\u00ba 2365.<\/p>\n<p><strong>Al igual que el s\u00e1bado anterior -y con la idea de replicarlo durante los s\u00e1bados que restan del mes-, el operativo se extender\u00e1 de 8 a 14 hs., estar\u00e1 destinado a todas las edades y se podr\u00e1n aplicar las dosis necesarias, incluida la Pfizer bivalente de refuerzo, aunque en este caso para mayores de 18 a\u00f1os.<\/strong><\/p>\n<\/div>\n<\/div>\n<p>Este operativo, vale destacar, se organiz\u00f3 durante los s\u00e1bados de enero en el Centro de Salud Flores y tuvo una importante afluencia de p\u00fablico, aunque tanto los casos de Covid como la campa\u00f1a de vacunaci\u00f3n tendieron a disminuir, por lo que se vuelve a hacer \u00e9nfasis en la importancia de inocularse. Actualmente, son solo tres los casos de Covid en el distrito.<\/p>\n<p>Adem\u00e1s de estos operativos, se recuerda que de lunes a viernes hay dos postas habilitadas para vacunaci\u00f3n: CAPS Fomento en 519 N\u00ba 2267 y CAPS Sudoeste en 58 y 81.<\/p>\n","protected":false},"excerpt":{"rendered":"<p>La Secretar\u00eda de Salud municipal, a cargo de Andrea Perestiuk, anuncia que este s\u00e1bado 11 de febrero se volver\u00e1 a realizar una jornada especial de vacunaci\u00f3n Covid en el CAPS Norte, ubicado en calle 66 N\u00ba 2365. Al igual que el s\u00e1bado anterior -y con la idea de replicarlo durante los s\u00e1bados que restan del [&hellip;]<\/p>\n","protected":false},"author":3,"featured_media":97516,"comment_status":"closed","ping_status":"closed","sticky":false,"template":"","format":"standard","meta":{"footnotes":""},"categories":[3],"tags":[],"class_list":["post-97515","post","type-post","status-publish","format-standard","has-post-thumbnail","category-masnoticias"],"_links":{"self":[{"href":"https:\/\/primicias2262.com\/noticias\/wp-json\/wp\/v2\/posts\/97515","targetHints":{"allow":["GET"]}}],"collection":[{"href":"https:\/\/primicias2262.com\/noticias\/wp-json\/wp\/v2\/posts"}],"about":[{"href":"https:\/\/primicias2262.com\/noticias\/wp-json\/wp\/v2\/types\/post"}],"author":[{"embeddable":true,"href":"https:\/\/primicias2262.com\/noticias\/wp-json\/wp\/v2\/users\/3"}],"replies":[{"embeddable":true,"href":"https:\/\/primicias2262.com\/noticias\/wp-json\/wp\/v2\/comments?post=97515"}],"version-history":[{"count":0,"href":"https:\/\/primicias2262.com\/noticias\/wp-json\/wp\/v2\/posts\/97515\/revisions"}],"wp:attachment":[{"href":"https:\/\/primicias2262.com\/noticias\/wp-json\/wp\/v2\/media?parent=97515"}],"wp:term":[{"taxonomy":"category","embeddable":true,"href":"https:\/\/primicias2262.com\/noticias\/wp-json\/wp\/v2\/categories?post=97515"},{"taxonomy":"post_tag","embeddable":true,"href":"https:\/\/primicias2262.com\/noticias\/wp-json\/wp\/v2\/tags?post=97515"}],"curies":[{"name":"wp","href":"https:\/\/api.w.org\/{rel}","templated":true}]}}