{"id":97547,"date":"2023-02-13T14:13:25","date_gmt":"2023-02-13T17:13:25","guid":{"rendered":"https:\/\/primicias2262.com\/?p=97547"},"modified":"2023-02-13T14:13:25","modified_gmt":"2023-02-13T17:13:25","slug":"el-padre-fernando-mendoza-tambien-tendra-a-cargo-la-parroquia-nueva-pompeya","status":"publish","type":"post","link":"https:\/\/primicias2262.com\/noticias\/el-padre-fernando-mendoza-tambien-tendra-a-cargo-la-parroquia-nueva-pompeya\/","title":{"rendered":"El padre Fernando Mendoza tambi\u00e9n tendr\u00e1 a cargo la Parroquia Nueva Pompeya"},"content":{"rendered":"<p><strong>A las 19 de este martes habr\u00e1 una misa en la iglesia de la Av. 58 donde el padre que ha sido designado por el Obispo Gabriel Mestre tomar\u00e1 posesi\u00f3n. De esa manera, Mendoza estar\u00e1 a cargo de las dos parroquias m\u00e1s importantes de la ciudad, la Santa Mar\u00eda del Carmen y los Capuchinos.<\/strong><\/p>\n<p>El padre Fernando Mendoza, a cargo de la Parroquia del centro Santa Mar\u00eda del Carmen, desde esta martes 14 de febrero tendr\u00e1 tambi\u00e9n bajo su responsabilidad la iglesia Nuestra Se\u00f1ora de Nueva Pompeya del Barrio Capuchinos. Fue designado por el Obispo Gabriel Mestre y a las 19 habr\u00e1 una misa con posterior espacio de fraternidad junto a la comunidad de la parroquia ubicada en Av. 58 entre 81 y 79.<\/p>\n<p>Acerca de este nuevo desaf\u00edo, Mendoza se expres\u00f3 en los estudios de \u201cVoces de la Ciudad\u201d durante una jota realizada por el periodista Jorge G\u00f3mez, donde afirm\u00f3 que \u201cestoy tranquilo, intento sacarle presi\u00f3n, aunque puede que las dos comunidades se van a sentir en alg\u00fan punto resentidas en lo sacerdotal, porque es un cura para las dos parroquias, pero estoy desafiado y no angustiado, s\u00e9 que Dios da la gracia con lo que va pidiendo\u201d.<\/p>\n<p><a href=\"https:\/\/primicias2262.com\/wp-content\/uploads\/2023\/02\/padre-Fernando-Mendoza.jpeg\"><img loading=\"lazy\" decoding=\"async\" class=\"aligncenter size-full wp-image-97561\" src=\"https:\/\/primicias2262.com\/wp-content\/uploads\/2023\/02\/padre-Fernando-Mendoza.jpeg\" alt=\"\" width=\"1024\" height=\"768\" \/><\/a>M\u00e1s all\u00e1 de la realidad en Capuchinos, el padre se\u00f1al\u00f3 que la actual \u201ces una iglesia que est\u00e1 carente de curas\u2026 es un dato de la realidad, la iglesia de hoy es cuantitativamente pobre en sacerdotes, pero muy rica en ministerios laicales, que es donde yo descanso mucho\u201d, en referencia a los laicos que participan y activamente llevan adelante la vida pastoral de una comunidad a la par del cura, como los catequistas, ministros de la comuni\u00f3n, agentes de la caridad, pastoral de la salud o los scouts. \u201cEs muy rica en eso y yo ah\u00ed descanso mucho, pero no es la iglesia que se viene, sino la que ya est\u00e1\u201d, reafirm\u00f3.<\/p>\n<p>En cuanto a este martes, se\u00f1al\u00f3 que luego de la misa habr\u00e1 un momento fraterno para socializar, y respecto a lo sacramental y misa, inform\u00f3 que \u201cvoy a celebrar misa los lunes y viernes a las 8 de la ma\u00f1ana en Nueva Pompeya, y adem\u00e1s el viernes estar\u00e9 ah\u00ed en Pompeya para compa\u00f1\u00eda escolar, para confesarse o para charla pastoral, y habr\u00e1 dos viernes al mes que por la tarde ir\u00e9 a Energ\u00eda, a la capilla del lugar\u201d, mientras que \u201cla misa de los domingos en Nueva Pompeya ser\u00e1 a las 10, y dos s\u00e1bados al mes en la Capilla San Francisco\u201d.<\/p>\n<p>Finalmente, al referirse al doble rol con la parroquia del centro sostuvo que \u201cvamos a trabajar y caminar lo m\u00e1s juntos que podamos, respetando la identidad de cada comunidad, con criterios afines y actividades que podamos hacer indistintamente en un lugar o el otro\u201d.<\/p>\n","protected":false},"excerpt":{"rendered":"<p>A las 19 de este martes habr\u00e1 una misa en la iglesia de la Av. 58 donde el padre que ha sido designado por el Obispo Gabriel Mestre tomar\u00e1 posesi\u00f3n. De esa manera, Mendoza estar\u00e1 a cargo de las dos parroquias m\u00e1s importantes de la ciudad, la Santa Mar\u00eda del Carmen y los Capuchinos. El [&hellip;]<\/p>\n","protected":false},"author":3,"featured_media":90006,"comment_status":"closed","ping_status":"closed","sticky":false,"template":"","format":"standard","meta":{"footnotes":""},"categories":[3],"tags":[],"class_list":["post-97547","post","type-post","status-publish","format-standard","has-post-thumbnail","category-masnoticias"],"_links":{"self":[{"href":"https:\/\/primicias2262.com\/noticias\/wp-json\/wp\/v2\/posts\/97547","targetHints":{"allow":["GET"]}}],"collection":[{"href":"https:\/\/primicias2262.com\/noticias\/wp-json\/wp\/v2\/posts"}],"about":[{"href":"https:\/\/primicias2262.com\/noticias\/wp-json\/wp\/v2\/types\/post"}],"author":[{"embeddable":true,"href":"https:\/\/primicias2262.com\/noticias\/wp-json\/wp\/v2\/users\/3"}],"replies":[{"embeddable":true,"href":"https:\/\/primicias2262.com\/noticias\/wp-json\/wp\/v2\/comments?post=97547"}],"version-history":[{"count":0,"href":"https:\/\/primicias2262.com\/noticias\/wp-json\/wp\/v2\/posts\/97547\/revisions"}],"wp:attachment":[{"href":"https:\/\/primicias2262.com\/noticias\/wp-json\/wp\/v2\/media?parent=97547"}],"wp:term":[{"taxonomy":"category","embeddable":true,"href":"https:\/\/primicias2262.com\/noticias\/wp-json\/wp\/v2\/categories?post=97547"},{"taxonomy":"post_tag","embeddable":true,"href":"https:\/\/primicias2262.com\/noticias\/wp-json\/wp\/v2\/tags?post=97547"}],"curies":[{"name":"wp","href":"https:\/\/api.w.org\/{rel}","templated":true}]}}