{"id":97553,"date":"2023-02-13T14:31:36","date_gmt":"2023-02-13T17:31:36","guid":{"rendered":"https:\/\/primicias2262.com\/?p=97553"},"modified":"2023-02-13T14:31:36","modified_gmt":"2023-02-13T17:31:36","slug":"franco-de-benedictis-culmino-12o-en-la-primera-fecha-del-tc-pista","status":"publish","type":"post","link":"https:\/\/primicias2262.com\/noticias\/franco-de-benedictis-culmino-12o-en-la-primera-fecha-del-tc-pista\/","title":{"rendered":"Franco De Benedictis culmin\u00f3 12\u00ba en la primera fecha del TC Pista"},"content":{"rendered":"<p><strong>La pantera pudo avanzar y culminar en la 12\u00aa colocaci\u00f3n en esta primera fecha del a\u00f1o de TC Pista disputada en el aut\u00f3dromo de Viedma, Rio Negro.<\/strong><\/p>\n<p>El joven piloto necochense encar\u00f3 este Domingo con grandes expectativas de avanzar y comenzar el a\u00f1o con el pie derecho. En el d\u00eda de ayer clasific\u00f3 en la 18\u00aa colocaci\u00f3n y posteriormente qued\u00f3 8\u00b0 en la serie.<\/p>\n<p>En el d\u00eda de hoy disput\u00f3 la competencia final frente a un gran marco de p\u00fablico, en la cual debi\u00f3 partir desde la 15\u00aa colocaci\u00f3n. Sobre el comienzo de la carrera pudo esquivar algunos accidentes que se produjeron delante de \u00e9l y avanz\u00f3 un par de posiciones. La Dodge del equipo SAP Team tuvo un buen funcionamiento, aunque con una ida de cola que complic\u00f3 al necochense por momentos. Igualmente, a puro manejo, pudo ser r\u00e1pido en la pista y no perder colocaciones hasta finalizar en el puesto 12 de la final que se disput\u00f3 a 20 vueltas.<\/p>\n<p>Con este resultado, Franco sum\u00f3 24.5 puntos y se ubica 11\u00b0 en el campeonato con esa misma cantidad de unidades.<\/p>\n<p>La pr\u00f3xima competencia del TC Pista ser\u00e1 los d\u00edas 4 y 5 de Marzo en el aut\u00f3dromo de Centenario, Neuqu\u00e9n<\/p>\n<p>Franco De Benedictis: \u201cContento porque pudimos lograr un muy buen resultado para comenzar el a\u00f1o. Tuvimos una final muy luchada, como siempre en esta categor\u00eda, pero pudimos terminar y en una buena posici\u00f3n. Sabemos que tenemos que mejorar m\u00e1s el funcionamiento, pero vamos por buen camino. Le agradezco a todo el SAP Team por el trabajo en el receso y en este fin de semana, a todos mis sponsors que hacen un esfuerzo muy grande para que yo est\u00e9 corriendo y a toda la gente que me da su apoyo incondicional\u201d<\/p>\n","protected":false},"excerpt":{"rendered":"<p>La pantera pudo avanzar y culminar en la 12\u00aa colocaci\u00f3n en esta primera fecha del a\u00f1o de TC Pista disputada en el aut\u00f3dromo de Viedma, Rio Negro. El joven piloto necochense encar\u00f3 este Domingo con grandes expectativas de avanzar y comenzar el a\u00f1o con el pie derecho. En el d\u00eda de ayer clasific\u00f3 en la [&hellip;]<\/p>\n","protected":false},"author":3,"featured_media":97554,"comment_status":"closed","ping_status":"closed","sticky":false,"template":"","format":"standard","meta":{"footnotes":""},"categories":[3],"tags":[],"class_list":["post-97553","post","type-post","status-publish","format-standard","has-post-thumbnail","category-masnoticias"],"_links":{"self":[{"href":"https:\/\/primicias2262.com\/noticias\/wp-json\/wp\/v2\/posts\/97553","targetHints":{"allow":["GET"]}}],"collection":[{"href":"https:\/\/primicias2262.com\/noticias\/wp-json\/wp\/v2\/posts"}],"about":[{"href":"https:\/\/primicias2262.com\/noticias\/wp-json\/wp\/v2\/types\/post"}],"author":[{"embeddable":true,"href":"https:\/\/primicias2262.com\/noticias\/wp-json\/wp\/v2\/users\/3"}],"replies":[{"embeddable":true,"href":"https:\/\/primicias2262.com\/noticias\/wp-json\/wp\/v2\/comments?post=97553"}],"version-history":[{"count":0,"href":"https:\/\/primicias2262.com\/noticias\/wp-json\/wp\/v2\/posts\/97553\/revisions"}],"wp:attachment":[{"href":"https:\/\/primicias2262.com\/noticias\/wp-json\/wp\/v2\/media?parent=97553"}],"wp:term":[{"taxonomy":"category","embeddable":true,"href":"https:\/\/primicias2262.com\/noticias\/wp-json\/wp\/v2\/categories?post=97553"},{"taxonomy":"post_tag","embeddable":true,"href":"https:\/\/primicias2262.com\/noticias\/wp-json\/wp\/v2\/tags?post=97553"}],"curies":[{"name":"wp","href":"https:\/\/api.w.org\/{rel}","templated":true}]}}