{"id":97564,"date":"2023-02-14T09:51:52","date_gmt":"2023-02-14T12:51:52","guid":{"rendered":"https:\/\/primicias2262.com\/?p=97564"},"modified":"2023-02-14T09:51:52","modified_gmt":"2023-02-14T12:51:52","slug":"astesano-cumple-30-anos-somos-una-empresa-local-que-cada-dia-sigue-apostando-por-la-ciudad","status":"publish","type":"post","link":"https:\/\/primicias2262.com\/noticias\/astesano-cumple-30-anos-somos-una-empresa-local-que-cada-dia-sigue-apostando-por-la-ciudad\/","title":{"rendered":"Astesano cumple 30 a\u00f1os: \u201cSomos una empresa local que cada d\u00eda sigue apostando por la ciudad\u201d"},"content":{"rendered":"<p><strong>As\u00ed lo afirm\u00f3 Pablo Astesano, de Astesano Inform\u00e1tica, quien en los estudios de \u201cVoces de la Ciudad\u201d se refiri\u00f3 al gran presente de la firma emplazada en 65 y 62, la cual en marzo cumple 30 a\u00f1os y actualmente desarrolla los proyectos de fibra \u00f3ptica y televisi\u00f3n gratuita adherida al servicio de internet, mediante la plataforma Wo Play, en la cual se puede mirar Agenda Necochense las 24 horas en el canal 730.<\/strong><\/p>\n<p>En nota realizada por el periodista Jorge G\u00f3mez, Pablo Astesano comenz\u00f3 refiri\u00e9ndose al proyecto de televisi\u00f3n, acerca de lo que asegur\u00f3 que \u201cestamos muy contentos, es algo que ya ven\u00edamos hablando hace dos a\u00f1os, siempre tuvimos las ganas de juntar el periodismo local y toda la oferta multimedial que estaba dando vuelta en la ciudad, para ver si la pod\u00edamos poner en esta nueva plataforma de televisi\u00f3n, que es Wo Play\u201d.<\/p>\n<p>\u00bfQu\u00e9 es Wo Play? \u201cEs una plataforma nueva, viene a trav\u00e9s de internet y en la que el usuario al estilo Netflix pone su usuario y contrase\u00f1a en el smart o celular y puede acceder a ver 50 canales de televisi\u00f3n\u201d, explic\u00f3 el empresario, acotando que \u201ccon el plan de 50 y 100 megas entra sin problema el servicio de la televisi\u00f3n sin costo alguno. Actualmente el plan de 100 megas est\u00e1 a 3700 pesos mensuales y viene con la televisi\u00f3n incluida. Algunos de los canales son Am\u00e9rica, Am\u00e9rica 24, TN, C5N, Cr\u00f3nica, Canal 26, TV P\u00fablica, Canal 9, Telef\u00e9, Canal 13, Fox Sports, TNT, Space, Encuentro, Rural, Euronews y tambi\u00e9n programaci\u00f3n infantil\u2026 est\u00e1 muy buena la oferta\u201d.<\/p>\n<p>En tanto, en el canal 730 se puede ver Agenda Necochense, el proyecto de televisi\u00f3n local que lleva adelante Roberto Nebot, y que en este caso se fusion\u00f3 con Astesano. \u201cFue una idea que ten\u00edamos en la familia, hace unos cinco meses habl\u00e9 con pap\u00e1 Alfredo (Astesano) y con todo el amor y el esfuerzo con que hace siempre las cosas, logr\u00f3 despu\u00e9s de varias reuniones con personas de la ciudad, y justo con lo que hab\u00eda largado \u201cTito Nebot\u201d, poder sumar la oferta necochense a esta plataforma\u201d.<\/p>\n<p><a href=\"https:\/\/primicias2262.com\/wp-content\/uploads\/2023\/02\/pablo-astesano.jpg\"><img loading=\"lazy\" decoding=\"async\" class=\"alignleft size-medium wp-image-97570\" src=\"https:\/\/primicias2262.com\/wp-content\/uploads\/2023\/02\/pablo-astesano-222x300.jpg\" alt=\"\" width=\"222\" height=\"300\" \/><\/a>En ese sentido, Pablo valor\u00f3 que \u201ctenemos un material local muy bueno que no tiene que envidiar nada a nadie, a veces se dice que lo de afuera es mejor y no es as\u00ed, ac\u00e1 tenemos un gran potencial\u201d, a lo que agreg\u00f3 que actualmente \u201ctenemos unos 6700 abonados a internet y todos ellos tienen la posibilidad de tener una clave y usuario gratuito. Es un proyecto muy lindo\u2026 con el cierre de TSN el a\u00f1o pasado se hab\u00eda perdido algo que mucha gente lo quer\u00eda, y creo que socialmente es muy bueno para la ciudad\u201d.<\/p>\n<p>Con orgullo, Astesano destac\u00f3 que \u201csomos una empresa local que cada d\u00eda que pasa sigue apostando por la ciudad, seguimos ahora con\u00a0 nuestro desarrollo de fibra \u00f3ptica, y tengo que agradecer al Intendente (Arturo Rojas) porque nos han dado un permiso que antes no pod\u00edamos tener, para poder llegar con postes a lugares donde no lleg\u00e1bamos antes y as\u00ed no se corta el crecimiento de la fibra \u00f3ptica. El servicio t\u00e9cnico funciona las 24 horas, tenemos toda la estructura armada y adonde se corta un cable ya estamos trabajando\u201d.<\/p>\n<p>Finalmente, Pablo se\u00f1al\u00f3 que \u201cla empresa hoy cuenta ya con alrededor de 50 personas trabajando, en marzo vamos a cumplir 30 a\u00f1os y vamos a festejar. Adem\u00e1s vamos a hacer una remodelaci\u00f3n en la esquina de 65 y 62. La empresa siempre ha sido pionera en lo que es tecnolog\u00eda, la primera p\u00e1gina web de la ciudad la hicimos nosotros, fuimos el primer proveedor de banda ancha y tenemos equipamientos de primera que sorprenden hasta gente de Buenos Aires cuando viene y ve con lo que trabajamos\u2026 tengo la suerte de tener un padre que siempre fue una persona visionaria y encaradora\u201d.<\/p>\n","protected":false},"excerpt":{"rendered":"<p>As\u00ed lo afirm\u00f3 Pablo Astesano, de Astesano Inform\u00e1tica, quien en los estudios de \u201cVoces de la Ciudad\u201d se refiri\u00f3 al gran presente de la firma emplazada en 65 y 62, la cual en marzo cumple 30 a\u00f1os y actualmente desarrolla los proyectos de fibra \u00f3ptica y televisi\u00f3n gratuita adherida al servicio de internet, mediante la [&hellip;]<\/p>\n","protected":false},"author":3,"featured_media":97565,"comment_status":"closed","ping_status":"closed","sticky":false,"template":"","format":"standard","meta":{"footnotes":""},"categories":[3],"tags":[],"class_list":["post-97564","post","type-post","status-publish","format-standard","has-post-thumbnail","category-masnoticias"],"_links":{"self":[{"href":"https:\/\/primicias2262.com\/noticias\/wp-json\/wp\/v2\/posts\/97564","targetHints":{"allow":["GET"]}}],"collection":[{"href":"https:\/\/primicias2262.com\/noticias\/wp-json\/wp\/v2\/posts"}],"about":[{"href":"https:\/\/primicias2262.com\/noticias\/wp-json\/wp\/v2\/types\/post"}],"author":[{"embeddable":true,"href":"https:\/\/primicias2262.com\/noticias\/wp-json\/wp\/v2\/users\/3"}],"replies":[{"embeddable":true,"href":"https:\/\/primicias2262.com\/noticias\/wp-json\/wp\/v2\/comments?post=97564"}],"version-history":[{"count":0,"href":"https:\/\/primicias2262.com\/noticias\/wp-json\/wp\/v2\/posts\/97564\/revisions"}],"wp:attachment":[{"href":"https:\/\/primicias2262.com\/noticias\/wp-json\/wp\/v2\/media?parent=97564"}],"wp:term":[{"taxonomy":"category","embeddable":true,"href":"https:\/\/primicias2262.com\/noticias\/wp-json\/wp\/v2\/categories?post=97564"},{"taxonomy":"post_tag","embeddable":true,"href":"https:\/\/primicias2262.com\/noticias\/wp-json\/wp\/v2\/tags?post=97564"}],"curies":[{"name":"wp","href":"https:\/\/api.w.org\/{rel}","templated":true}]}}