{"id":97589,"date":"2023-02-14T10:41:45","date_gmt":"2023-02-14T13:41:45","guid":{"rendered":"https:\/\/primicias2262.com\/?p=97589"},"modified":"2023-02-14T10:41:45","modified_gmt":"2023-02-14T13:41:45","slug":"la-cantante-y-compositora-sofia-viola-llega-al-bibliomovil-este-jueves","status":"publish","type":"post","link":"https:\/\/primicias2262.com\/noticias\/la-cantante-y-compositora-sofia-viola-llega-al-bibliomovil-este-jueves\/","title":{"rendered":"La cantante y compositora Sof\u00eda Viola llega al Bibliom\u00f3vil este jueves"},"content":{"rendered":"<p><em><strong>Brindar\u00e1 un taller de composici\u00f3n de canciones, el jueves 16 a las 18:30 horas.<\/strong> <\/em><\/p>\n<p>El Centro Cultural Necochea Biblioteca Popular Andr\u00e9s Ferreyra (CCN\/BPAF) informa que el Bibliom\u00f3vil contin\u00faa su recorrido y tiene previsto realizar talleres y actividades en cada una de las paradas.<\/p>\n<p>Entre las actividades m\u00e1s destacadas, est\u00e1 la presencia de la <strong>cantante y compositora Sof\u00eda Viola <\/strong>quien brindar\u00e1 un taller de composici\u00f3n denominado \u201cCocina de canciones\u201d. Se realizar\u00e1 el <strong>jueves 16 a las 18:30 horas <\/strong>en sede del CCN\/BPAF, ubicado en calle 54 entre 61 y 63. Ser\u00e1 gratuito pero con cupos limitados.<\/p>\n<p>El Bibliom\u00f3vil tiene previsto adem\u00e1s otras actividades durante toda la semana y en este sentido, este <strong>martes 14<\/strong>, participar\u00e1 del <strong>Festival de arte y salud \u201cEnamorados del arte\u201d <\/strong>que se llevar\u00e1 a cabo desde las 15:00 horas en el predio del hospital provincial Domingo Taraborelli (calles 49 y 42).<\/p>\n<p>El <strong>mi\u00e9rcoles<\/strong>, har\u00e1 su parada en <strong>la peatonal 85 <\/strong>a partir de las 18:00 horas donde se brindar\u00e1 un taller de <strong>folclore a cargo de la agrupaci\u00f3n folcl\u00f3rica Takiri.\u00a0 <\/strong><\/p>\n<p>Mientras que el <strong>viernes<\/strong> viajar\u00e1 hasta <strong>Miramar <\/strong>para participar del carnaval en el marco de las actividades organizadas por el Estado en Verano.<\/p>\n<p>El Bibliom\u00f3vil lleg\u00f3 a Necochea en articulaci\u00f3n del CCN\/BPAF con el Instituto Cultural de la Provincia de Buenos Aires, el programa Buenos Aires Lectora y CONABIP (Comisi\u00f3n Nacional de Bibliotecas Populares) que lleva adelante el Programa Nacional de Lectura Argentina Lee.<\/p>\n<p>La unidad lleva a bordo alrededor de 500 libros para todos los p\u00fablicos y con un segmento especial destinado a las infancias y a las juventudes. Los recorridos surgen de un entramado institucional que se logr\u00f3 a trav\u00e9s de un trabajo articulado con nuestra Biblioteca Popular Andr\u00e9s Ferreyra.<\/p>\n","protected":false},"excerpt":{"rendered":"<p>Brindar\u00e1 un taller de composici\u00f3n de canciones, el jueves 16 a las 18:30 horas. El Centro Cultural Necochea Biblioteca Popular Andr\u00e9s Ferreyra (CCN\/BPAF) informa que el Bibliom\u00f3vil contin\u00faa su recorrido y tiene previsto realizar talleres y actividades en cada una de las paradas. Entre las actividades m\u00e1s destacadas, est\u00e1 la presencia de la cantante y [&hellip;]<\/p>\n","protected":false},"author":3,"featured_media":97590,"comment_status":"closed","ping_status":"closed","sticky":false,"template":"","format":"standard","meta":{"footnotes":""},"categories":[3],"tags":[],"class_list":["post-97589","post","type-post","status-publish","format-standard","has-post-thumbnail","category-masnoticias"],"_links":{"self":[{"href":"https:\/\/primicias2262.com\/noticias\/wp-json\/wp\/v2\/posts\/97589","targetHints":{"allow":["GET"]}}],"collection":[{"href":"https:\/\/primicias2262.com\/noticias\/wp-json\/wp\/v2\/posts"}],"about":[{"href":"https:\/\/primicias2262.com\/noticias\/wp-json\/wp\/v2\/types\/post"}],"author":[{"embeddable":true,"href":"https:\/\/primicias2262.com\/noticias\/wp-json\/wp\/v2\/users\/3"}],"replies":[{"embeddable":true,"href":"https:\/\/primicias2262.com\/noticias\/wp-json\/wp\/v2\/comments?post=97589"}],"version-history":[{"count":0,"href":"https:\/\/primicias2262.com\/noticias\/wp-json\/wp\/v2\/posts\/97589\/revisions"}],"wp:attachment":[{"href":"https:\/\/primicias2262.com\/noticias\/wp-json\/wp\/v2\/media?parent=97589"}],"wp:term":[{"taxonomy":"category","embeddable":true,"href":"https:\/\/primicias2262.com\/noticias\/wp-json\/wp\/v2\/categories?post=97589"},{"taxonomy":"post_tag","embeddable":true,"href":"https:\/\/primicias2262.com\/noticias\/wp-json\/wp\/v2\/tags?post=97589"}],"curies":[{"name":"wp","href":"https:\/\/api.w.org\/{rel}","templated":true}]}}