{"id":97592,"date":"2023-02-14T10:52:47","date_gmt":"2023-02-14T13:52:47","guid":{"rendered":"https:\/\/primicias2262.com\/?p=97592"},"modified":"2023-02-14T10:52:47","modified_gmt":"2023-02-14T13:52:47","slug":"el-coro-alta-mira-comienza-a-ensayar-el-7-de-marzo-y-busca-incorporar-voces","status":"publish","type":"post","link":"https:\/\/primicias2262.com\/noticias\/el-coro-alta-mira-comienza-a-ensayar-el-7-de-marzo-y-busca-incorporar-voces\/","title":{"rendered":"El Coro Alta Mira comienza a ensayar el 7 de marzo y busca incorporar voces"},"content":{"rendered":"<p><strong>El Coro Alta Mira informa que se encuentra en el proceso de incorporar voces antes de comenzar con los ensayos del corriente a\u00f1o.<\/strong><\/p>\n<p>A prop\u00f3sito de esto \u00faltimo, informaron que \u00abcomenzaremos los ensayos el 7 de marzo, en la Escuela Alta Mira, Av. 43 y 64, los martes y jueves de 19:00 a 20:30\u00bb.<\/p>\n<p>Respecto a c\u00f3mo poder incorporarse al coro, la inscripci\u00f3n se encuentra abierta y se puede solicitar a trav\u00e9s de las redes Coro Alta Mira en Facebook y coroaltamira92 en Instagram.<\/p>\n<p><a href=\"https:\/\/primicias2262.com\/wp-content\/uploads\/2023\/02\/2021-AltaMira_05.jpg\"><img loading=\"lazy\" decoding=\"async\" class=\"aligncenter size-full wp-image-97594\" src=\"https:\/\/primicias2262.com\/wp-content\/uploads\/2023\/02\/2021-AltaMira_05.jpg\" alt=\"\" width=\"1180\" height=\"600\" \/><\/a><\/p>\n<p><a href=\"https:\/\/primicias2262.com\/wp-content\/uploads\/2023\/02\/SOLICITUD-DE-VOCES.jpg\"><img loading=\"lazy\" decoding=\"async\" class=\"aligncenter size-full wp-image-97593\" src=\"https:\/\/primicias2262.com\/wp-content\/uploads\/2023\/02\/SOLICITUD-DE-VOCES.jpg\" alt=\"\" width=\"552\" height=\"515\" \/><\/a><\/p>\n","protected":false},"excerpt":{"rendered":"<p>El Coro Alta Mira informa que se encuentra en el proceso de incorporar voces antes de comenzar con los ensayos del corriente a\u00f1o. A prop\u00f3sito de esto \u00faltimo, informaron que \u00abcomenzaremos los ensayos el 7 de marzo, en la Escuela Alta Mira, Av. 43 y 64, los martes y jueves de 19:00 a 20:30\u00bb. Respecto [&hellip;]<\/p>\n","protected":false},"author":3,"featured_media":97595,"comment_status":"closed","ping_status":"closed","sticky":false,"template":"","format":"standard","meta":{"footnotes":""},"categories":[3],"tags":[],"class_list":["post-97592","post","type-post","status-publish","format-standard","has-post-thumbnail","category-masnoticias"],"_links":{"self":[{"href":"https:\/\/primicias2262.com\/noticias\/wp-json\/wp\/v2\/posts\/97592","targetHints":{"allow":["GET"]}}],"collection":[{"href":"https:\/\/primicias2262.com\/noticias\/wp-json\/wp\/v2\/posts"}],"about":[{"href":"https:\/\/primicias2262.com\/noticias\/wp-json\/wp\/v2\/types\/post"}],"author":[{"embeddable":true,"href":"https:\/\/primicias2262.com\/noticias\/wp-json\/wp\/v2\/users\/3"}],"replies":[{"embeddable":true,"href":"https:\/\/primicias2262.com\/noticias\/wp-json\/wp\/v2\/comments?post=97592"}],"version-history":[{"count":0,"href":"https:\/\/primicias2262.com\/noticias\/wp-json\/wp\/v2\/posts\/97592\/revisions"}],"wp:attachment":[{"href":"https:\/\/primicias2262.com\/noticias\/wp-json\/wp\/v2\/media?parent=97592"}],"wp:term":[{"taxonomy":"category","embeddable":true,"href":"https:\/\/primicias2262.com\/noticias\/wp-json\/wp\/v2\/categories?post=97592"},{"taxonomy":"post_tag","embeddable":true,"href":"https:\/\/primicias2262.com\/noticias\/wp-json\/wp\/v2\/tags?post=97592"}],"curies":[{"name":"wp","href":"https:\/\/api.w.org\/{rel}","templated":true}]}}