{"id":97601,"date":"2023-02-15T08:40:43","date_gmt":"2023-02-15T11:40:43","guid":{"rendered":"https:\/\/primicias2262.com\/?p=97601"},"modified":"2023-02-15T08:40:43","modified_gmt":"2023-02-15T11:40:43","slug":"cumplio-42-anos-la-feria-de-la-villa-pasamos-por-diversas-etapas-pero-siempre-con-el-mismo-espiritu","status":"publish","type":"post","link":"https:\/\/primicias2262.com\/noticias\/cumplio-42-anos-la-feria-de-la-villa-pasamos-por-diversas-etapas-pero-siempre-con-el-mismo-espiritu\/","title":{"rendered":"Cumpli\u00f3 42 a\u00f1os la Feria de la Villa: \u201cPasamos por diversas etapas pero siempre con el mismo esp\u00edritu\u201d"},"content":{"rendered":"<p><strong>As\u00ed lo defini\u00f3 en \u201cVoces de la Ciudad\u201d una de las integrantes de la Feria de Artesanos de la Plaza San Mart\u00edn de la Villa Balnearia que se oficializ\u00f3 en 1981, Carolina Boldrini, durante una nota realizada por el periodista Jorge G\u00f3mez. Con motivo del 42\u00ba aniversario, se realiz\u00f3 una celebraci\u00f3n en el lugar con diversas actividades y sorteos de artesan\u00edas.<\/strong><\/p>\n<p>En realidad, la ceramista se\u00f1al\u00f3 primeramente que \u201cse cumplen este martes 42 a\u00f1os registrados, porque en realidad hubo una proto feria, ya que desde el a\u00f1o 1975 hab\u00eda artesanos y artesanas en la feria de manera informal, pero reci\u00e9n en el a\u00f1o \u201881 se hizo una resoluci\u00f3n y convenimos en tomar esa fecha como la de inicio de la feria, por eso estamos festejando 42 a\u00f1os\u201d.<\/p>\n<p><a href=\"https:\/\/primicias2262.com\/wp-content\/uploads\/2023\/02\/carolina-boldrini.jpeg\"><img loading=\"lazy\" decoding=\"async\" class=\"aligncenter size-full wp-image-97625\" src=\"https:\/\/primicias2262.com\/wp-content\/uploads\/2023\/02\/carolina-boldrini.jpeg\" alt=\"\" width=\"1024\" height=\"768\" \/><\/a>Por tal motivo, asegur\u00f3 que \u201cestamos muy contentos, la pandemia fue muy dura para nosotros, el a\u00f1o pasado recuperamos un poco de aliento pero cost\u00f3\u201d, y al respecto asegur\u00f3 que \u201cpasamos por diversas etapas, formas de estar en la feria, que no siempre estuvo de forma f\u00edsica como hoy, y la cantidad de integrantes vari\u00f3, pero siempre con el mismo esp\u00edritu\u201d.<\/p>\n<p>Boldrini resalt\u00f3 que la feria \u201ces una forma de vida que implica moverte durante el invierno, incluso tambi\u00e9n tenemos visitantes que vienen durante el verano y se suman a la feria\u2026 son m\u00e1s que nada intercambios de otras ferias que nosotros visitamos durante el a\u00f1o, como Feria de Plaza Francia en Buenos Aires\u201d. En ese sentido, destac\u00f3 que \u201csomos 72 puestos en este verano, 60 artesanos locales y 12 puestos para visitantes e intercambio de otros lugares. Hay joyer\u00eda, madera, cer\u00e1mica, y dem\u00e1s, y un nivel muy bueno en la feria\u201d.<\/p>\n\n<p>Acto seguido asegur\u00f3 con orgullo que \u201crecorren la feria personas de todas las edades, ni\u00f1os, j\u00f3venes y gente grande. Creo que cada necochense tiene algo de la feria, en su casa o en alg\u00fan sitio\u201d, y agreg\u00f3 que \u201chemos conseguido la Declaraci\u00f3n de Inter\u00e9s Cultural tanto municipal como provincial, y eso nos ha ayudado a mantenernos\u201d.<\/p>\n<p>Mirando a futuro, la ceramista necochense anticip\u00f3 que \u201cuna de las cuestiones que estamos discutiendo con el Ejecutivo Municipal es la remodelaci\u00f3n de la Plaza San Mart\u00edn, que est\u00e1 prevista hacerla en un momento, m\u00e1s ahora con estos programas que hay de remodelaci\u00f3n de plazas en la ciudad\u201d. En ese aspecto, \u201chay un proyecto de pergolado que representar\u00eda otro armado distinto a la estructura actual, y dem\u00e1s intervenciones\u201d, revel\u00f3 Boldrini.<\/p>\n<p><a href=\"https:\/\/primicias2262.com\/wp-content\/uploads\/2023\/02\/foto-festejo-feria7.jpeg\"><img loading=\"lazy\" decoding=\"async\" class=\"aligncenter size-full wp-image-97623\" src=\"https:\/\/primicias2262.com\/wp-content\/uploads\/2023\/02\/foto-festejo-feria7.jpeg\" alt=\"\" width=\"1600\" height=\"900\" \/><\/a>Durante la tardecita noche del martes 14, los artesanos festejaron los 42 a\u00f1os con m\u00fasica, baile, circo, espacio para la ni\u00f1ez, lectura infantil y bandas en vivo, al tiempo que se regalaron artesan\u00edas mediante sorteos en los que la gente particip\u00f3.<\/p>\n\n","protected":false},"excerpt":{"rendered":"<p>As\u00ed lo defini\u00f3 en \u201cVoces de la Ciudad\u201d una de las integrantes de la Feria de Artesanos de la Plaza San Mart\u00edn de la Villa Balnearia que se oficializ\u00f3 en 1981, Carolina Boldrini, durante una nota realizada por el periodista Jorge G\u00f3mez. Con motivo del 42\u00ba aniversario, se realiz\u00f3 una celebraci\u00f3n en el lugar con [&hellip;]<\/p>\n","protected":false},"author":3,"featured_media":97619,"comment_status":"closed","ping_status":"closed","sticky":false,"template":"","format":"standard","meta":{"footnotes":""},"categories":[3],"tags":[],"class_list":["post-97601","post","type-post","status-publish","format-standard","has-post-thumbnail","category-masnoticias"],"_links":{"self":[{"href":"https:\/\/primicias2262.com\/noticias\/wp-json\/wp\/v2\/posts\/97601","targetHints":{"allow":["GET"]}}],"collection":[{"href":"https:\/\/primicias2262.com\/noticias\/wp-json\/wp\/v2\/posts"}],"about":[{"href":"https:\/\/primicias2262.com\/noticias\/wp-json\/wp\/v2\/types\/post"}],"author":[{"embeddable":true,"href":"https:\/\/primicias2262.com\/noticias\/wp-json\/wp\/v2\/users\/3"}],"replies":[{"embeddable":true,"href":"https:\/\/primicias2262.com\/noticias\/wp-json\/wp\/v2\/comments?post=97601"}],"version-history":[{"count":0,"href":"https:\/\/primicias2262.com\/noticias\/wp-json\/wp\/v2\/posts\/97601\/revisions"}],"wp:attachment":[{"href":"https:\/\/primicias2262.com\/noticias\/wp-json\/wp\/v2\/media?parent=97601"}],"wp:term":[{"taxonomy":"category","embeddable":true,"href":"https:\/\/primicias2262.com\/noticias\/wp-json\/wp\/v2\/categories?post=97601"},{"taxonomy":"post_tag","embeddable":true,"href":"https:\/\/primicias2262.com\/noticias\/wp-json\/wp\/v2\/tags?post=97601"}],"curies":[{"name":"wp","href":"https:\/\/api.w.org\/{rel}","templated":true}]}}