{"id":97603,"date":"2023-02-15T08:43:43","date_gmt":"2023-02-15T11:43:43","guid":{"rendered":"https:\/\/primicias2262.com\/?p=97603"},"modified":"2023-02-15T08:43:43","modified_gmt":"2023-02-15T11:43:43","slug":"el-puente-lleva-42-anos-con-una-sola-reparacion-integral-y-pide-una-intervencion-urgente","status":"publish","type":"post","link":"https:\/\/primicias2262.com\/noticias\/el-puente-lleva-42-anos-con-una-sola-reparacion-integral-y-pide-una-intervencion-urgente\/","title":{"rendered":"\u201cEl Puente lleva 42 a\u00f1os con una sola reparaci\u00f3n integral y pide una intervenci\u00f3n urgente\u201d"},"content":{"rendered":"<p><strong>As\u00ed lo asever\u00f3 el Jefe de Vialidad Regi\u00f3n XII, Carlos Etcheverry, en referencia al Puente Dardo Rocha, que lleva dos llamados a licitaci\u00f3n fallidas \u00a0para su reparaci\u00f3n integral y el funcionario manifest\u00f3 que es urgente al menos reparar las barandas.<\/strong><\/p>\n<p>Durante una nota telef\u00f3nica en \u201cVoces de la Ciudad\u201d, realizada por el periodista Jorge G\u00f3mez, Etcheverry se\u00f1al\u00f3 que \u201cya llevamos dos actos fallidos de licitaci\u00f3n, el primero en marzo de 2021 y el segundo en diciembre del mismo a\u00f1o\u2026 si bien es una obra compleja y las empresas no han cotizado como se ha demostrado, lo que s\u00ed se necesita con car\u00e1cter urgente es una reparaci\u00f3n de las barandas peatonal y vehicular\u201d.<\/p>\n<p><a href=\"https:\/\/primicias2262.com\/wp-content\/uploads\/2023\/02\/Puente-Dardo-Rocha.jpeg\"><img loading=\"lazy\" decoding=\"async\" class=\"aligncenter size-full wp-image-97607\" src=\"https:\/\/primicias2262.com\/wp-content\/uploads\/2023\/02\/Puente-Dardo-Rocha.jpeg\" alt=\"\" width=\"1280\" height=\"853\" \/><\/a>Record\u00f3 seguidamente que \u201ces un puente que se hizo en forma provisoria cuando se cay\u00f3 el Expuente Ezcurra y ya lleva 42 a\u00f1os ejecutado con una sola reparaci\u00f3n integral en el a\u00f1o 2000, y en la actualidad est\u00e1 pidiendo una intervenci\u00f3n urgente\u201d.<\/p>\n<p>Al instante, Etcheverry contextualiz\u00f3 que \u201cel tema se ha vuelto a instalar tras declaraciones a los medios del administrador de la Direcci\u00f3n de Vialidad, Hern\u00e1n Izurieta. Se viene preparando una nueva licitaci\u00f3n y si no se ha hecho el llamado es porque se quiere tener la garant\u00eda de que no vuelva a quedar desierta\u201d.<\/p>\n<p><a href=\"https:\/\/primicias2262.com\/wp-content\/uploads\/2023\/02\/carlos-etcheverry.jpg\"><img loading=\"lazy\" decoding=\"async\" class=\"alignleft size-medium wp-image-97604\" src=\"https:\/\/primicias2262.com\/wp-content\/uploads\/2023\/02\/carlos-etcheverry-284x300.jpg\" alt=\"\" width=\"284\" height=\"300\" \/><\/a>En ese aspecto, se\u00f1al\u00f3 que las licitaciones anteriores han quedado desiertas un poco por la complejidad de la obra y por la situaci\u00f3n inflacionaria: \u201cLos procesos licitatorios llevan un tiempo, nunca baja de cinco o seis meses, y con una inflaci\u00f3n del 5, 6 o 7% mensuales los valores se distorsionan r\u00e1pidamente, y m\u00e1s en este tipo de valores del acero a precio d\u00f3lar, que se disparan permanentemente. Vos no pod\u00e9s adjudicar una licitaci\u00f3n que supere el 20% del presupuesto oficial\u201d, argument\u00f3.<\/p>\n<p>De todas formas, tras las declaraciones de Izurieta (de asegurar que est\u00e1 en la intenci\u00f3n del gobernador Axel Kicillof en realizar la obra del puente), Etcheverry asegur\u00f3 que \u201cestamos ilusionados esperando una instrucci\u00f3n para poder abordar este tema urgente que es tan necesario\u201d, mientras se va camino a una tercera licitaci\u00f3n para el mantenimiento integral del puente, aunque no hay nada comunicado oficialmente a\u00fan.<\/p>\n<p>\u201cLa intenci\u00f3n est\u00e1 por lo que ha expresado el se\u00f1or administrador (Izurieta) y estamos esperanzados de que a la brevedad podamos dar una soluci\u00f3n que es tan requerida por toda la comunidad\u201d, concluy\u00f3 el titular de Vialidad Regi\u00f3n XII.<\/p>\n","protected":false},"excerpt":{"rendered":"<p>As\u00ed lo asever\u00f3 el Jefe de Vialidad Regi\u00f3n XII, Carlos Etcheverry, en referencia al Puente Dardo Rocha, que lleva dos llamados a licitaci\u00f3n fallidas \u00a0para su reparaci\u00f3n integral y el funcionario manifest\u00f3 que es urgente al menos reparar las barandas. Durante una nota telef\u00f3nica en \u201cVoces de la Ciudad\u201d, realizada por el periodista Jorge G\u00f3mez, [&hellip;]<\/p>\n","protected":false},"author":3,"featured_media":97606,"comment_status":"closed","ping_status":"closed","sticky":false,"template":"","format":"standard","meta":{"footnotes":""},"categories":[3],"tags":[],"class_list":["post-97603","post","type-post","status-publish","format-standard","has-post-thumbnail","category-masnoticias"],"_links":{"self":[{"href":"https:\/\/primicias2262.com\/noticias\/wp-json\/wp\/v2\/posts\/97603","targetHints":{"allow":["GET"]}}],"collection":[{"href":"https:\/\/primicias2262.com\/noticias\/wp-json\/wp\/v2\/posts"}],"about":[{"href":"https:\/\/primicias2262.com\/noticias\/wp-json\/wp\/v2\/types\/post"}],"author":[{"embeddable":true,"href":"https:\/\/primicias2262.com\/noticias\/wp-json\/wp\/v2\/users\/3"}],"replies":[{"embeddable":true,"href":"https:\/\/primicias2262.com\/noticias\/wp-json\/wp\/v2\/comments?post=97603"}],"version-history":[{"count":0,"href":"https:\/\/primicias2262.com\/noticias\/wp-json\/wp\/v2\/posts\/97603\/revisions"}],"wp:attachment":[{"href":"https:\/\/primicias2262.com\/noticias\/wp-json\/wp\/v2\/media?parent=97603"}],"wp:term":[{"taxonomy":"category","embeddable":true,"href":"https:\/\/primicias2262.com\/noticias\/wp-json\/wp\/v2\/categories?post=97603"},{"taxonomy":"post_tag","embeddable":true,"href":"https:\/\/primicias2262.com\/noticias\/wp-json\/wp\/v2\/tags?post=97603"}],"curies":[{"name":"wp","href":"https:\/\/api.w.org\/{rel}","templated":true}]}}