{"id":97610,"date":"2023-02-15T08:33:20","date_gmt":"2023-02-15T11:33:20","guid":{"rendered":"https:\/\/primicias2262.com\/?p=97610"},"modified":"2023-02-15T08:33:20","modified_gmt":"2023-02-15T11:33:20","slug":"yanina-berri-sera-la-primera-mujer-necochense-nombrada-gobernadora-del-distrito-o-tres-de-leones","status":"publish","type":"post","link":"https:\/\/primicias2262.com\/noticias\/yanina-berri-sera-la-primera-mujer-necochense-nombrada-gobernadora-del-distrito-o-tres-de-leones\/","title":{"rendered":"Yanina Berri ser\u00e1 la primera mujer necochense nombrada gobernadora del Distrito O Tres de Leones"},"content":{"rendered":"<p><strong>La integrante del Club de Leones local estuvo recientemente en una capacitaci\u00f3n internacional para vice gobernadores Leones en Estados Unidos y el 4 de julio de este a\u00f1o recibir\u00e1 el nombramiento de gobernadora al frente del distrito m\u00e1s extenso, en el cual solo dos necochenses varones han llegado.<\/strong><\/p>\n<p>Durante una visita al estudio de \u201cVoces de la Ciudad\u201d, Yanina Berri dialog\u00f3 con el periodista Jorge G\u00f3mez tras su llegada de Chicago, \u00a0Estados Unidos, donde estuvo participando de una actividad internacional de Leones. \u201cSe cumplen 105 a\u00f1os de la creaci\u00f3n de Lions Internacional y los primeros vice gobernadores nos capacitaron despu\u00e9s de la pandemia en Chicago, as\u00ed que tuvimos cuatro d\u00edas de capacitaci\u00f3n intensa donde nos encontramos 650 vice gobernadores de todo el mundo\u201d, contextualiz\u00f3 la necochense.<\/p>\n<p>Berri explic\u00f3 que en estas capacitaciones bajan planificaci\u00f3n y ense\u00f1an c\u00f3mo armar las metas, aunque \u201cigualmente nosotros ya nos ven\u00edamos preparando v\u00eda Zoom con todos los compa\u00f1eros, ya que ten\u00edamos que presentar proyectos, y te ense\u00f1an c\u00f3mo afrontar los problemas que pueda llegar a haber en el distrito de cada uno. Son capacitaciones permanentes de c\u00f3mo dirigir a un equipo con 700 leones a cargo, como es mi caso\u201d.<\/p>\n<p><a href=\"https:\/\/primicias2262.com\/wp-content\/uploads\/2023\/02\/yanina-berri-voces.jpg\"><img loading=\"lazy\" decoding=\"async\" class=\"aligncenter size-full wp-image-97624\" src=\"https:\/\/primicias2262.com\/wp-content\/uploads\/2023\/02\/yanina-berri-voces.jpg\" alt=\"\" width=\"1024\" height=\"768\" \/><\/a>Precisamente, adelant\u00f3 c\u00f3mo es que va camino a ser gobernadora. \u201cEl 4 de julio tenemos que viajar a Boston, que es donde se va a ser la convenci\u00f3n internacional, ah\u00ed nos encontraremos todos nuevamente, tenemos dos d\u00edas de capacitaci\u00f3n, despu\u00e9s el desfile internacional de todos los leones del mundo y ah\u00ed asumir\u00e9 por un a\u00f1o como gobernadora del distrito nuestro que es el O-3, el m\u00e1s extenso que abarca desde la cuenca del R\u00edo Salado hasta Ushuaia, son 38 mil kil\u00f3metros que tengo para recorrer entre todos los clubes\u201d.<\/p>\n<p>Expresando con orgullo que \u201clos Leones trabajamos todos con una misma vocaci\u00f3n de servir y mejorar un poco el mundo\u201d, Berri cont\u00f3 que justamente en julio cumple diez a\u00f1os de le\u00f3n y en agosto el club de Necochea cumplir\u00e1 60 a\u00f1os, durante los cuales hubo solo dos gobernadores anteriores a Yanina, pero ella ser\u00e1 la primera mujer.<\/p>\n","protected":false},"excerpt":{"rendered":"<p>La integrante del Club de Leones local estuvo recientemente en una capacitaci\u00f3n internacional para vice gobernadores Leones en Estados Unidos y el 4 de julio de este a\u00f1o recibir\u00e1 el nombramiento de gobernadora al frente del distrito m\u00e1s extenso, en el cual solo dos necochenses varones han llegado. Durante una visita al estudio de \u201cVoces [&hellip;]<\/p>\n","protected":false},"author":3,"featured_media":97611,"comment_status":"closed","ping_status":"closed","sticky":false,"template":"","format":"standard","meta":{"footnotes":""},"categories":[3],"tags":[],"class_list":["post-97610","post","type-post","status-publish","format-standard","has-post-thumbnail","category-masnoticias"],"_links":{"self":[{"href":"https:\/\/primicias2262.com\/noticias\/wp-json\/wp\/v2\/posts\/97610","targetHints":{"allow":["GET"]}}],"collection":[{"href":"https:\/\/primicias2262.com\/noticias\/wp-json\/wp\/v2\/posts"}],"about":[{"href":"https:\/\/primicias2262.com\/noticias\/wp-json\/wp\/v2\/types\/post"}],"author":[{"embeddable":true,"href":"https:\/\/primicias2262.com\/noticias\/wp-json\/wp\/v2\/users\/3"}],"replies":[{"embeddable":true,"href":"https:\/\/primicias2262.com\/noticias\/wp-json\/wp\/v2\/comments?post=97610"}],"version-history":[{"count":0,"href":"https:\/\/primicias2262.com\/noticias\/wp-json\/wp\/v2\/posts\/97610\/revisions"}],"wp:attachment":[{"href":"https:\/\/primicias2262.com\/noticias\/wp-json\/wp\/v2\/media?parent=97610"}],"wp:term":[{"taxonomy":"category","embeddable":true,"href":"https:\/\/primicias2262.com\/noticias\/wp-json\/wp\/v2\/categories?post=97610"},{"taxonomy":"post_tag","embeddable":true,"href":"https:\/\/primicias2262.com\/noticias\/wp-json\/wp\/v2\/tags?post=97610"}],"curies":[{"name":"wp","href":"https:\/\/api.w.org\/{rel}","templated":true}]}}