{"id":97645,"date":"2023-02-15T12:55:31","date_gmt":"2023-02-15T15:55:31","guid":{"rendered":"https:\/\/primicias2262.com\/?p=97645"},"modified":"2023-02-15T12:55:31","modified_gmt":"2023-02-15T15:55:31","slug":"gran-noticia-para-los-trabajadores-de-engraucoop-la-subasta-se-suspendio-confirmo-el-abogado","status":"publish","type":"post","link":"https:\/\/primicias2262.com\/noticias\/gran-noticia-para-los-trabajadores-de-engraucoop-la-subasta-se-suspendio-confirmo-el-abogado\/","title":{"rendered":"Gran noticia para los trabajadores de Engraucoop: \u201cLa subasta se suspendi\u00f3\u201d, confirm\u00f3 el abogado"},"content":{"rendered":"<p><strong>As\u00ed lo anotici\u00f3 en la ma\u00f1ana de \u201cVoces de la Ciudad\u201d el Dr. Huberto Santill\u00e1n Garc\u00eda, a instancias de su actuaci\u00f3n en representaci\u00f3n de los m\u00e1s de 200 trabajadores de Engraucop, durante una nota telef\u00f3nica realizada por el periodista Jorge G\u00f3mez.<\/strong><\/p>\n<p>En un tramo de la comunicaci\u00f3n, el profesional asever\u00f3 que \u201cla propensi\u00f3n de la subasta se suspendi\u00f3, y se tiene presente que se realice la suspensi\u00f3n una vez efectuada la petici\u00f3n de compra\u2026 ese ser\u00eda el paso procesal que tenemos ahora, lo que significa un respiro en el tiempo que les permita a las trabajadoras alg\u00fan subsidio que les d\u00e9 posibilidad de que entre dinero para la compra directa del inmueble y de los muebles afectados a la explotaci\u00f3n, que es lo que se iba a rematar\u201d, dando cuenta de que no solo se dio la suspensi\u00f3n del remate de la exengraulis, sino que existe la posibilidad de que las y los trabajadores que la explotan consigan financiamiento para adquirir la planta.<\/p>\n<p>El abogado precis\u00f3 que \u201cse ha modificado la situaci\u00f3n procesal a ra\u00edz de una presentaci\u00f3n que hicimos con el presidente de Engraucop, que es una cooperativa de trabajo conformada por un 93% de mujeres trabajadoras, son 207 personas activas brindando ocupaci\u00f3n y trabajo a familias de Necochea y Quequ\u00e9n, con un alto contenido de contenci\u00f3n social y mujeres en estado vulnerable, as\u00ed que planteamos una cuesti\u00f3n de g\u00e9nero, creo que era pertinente\u201d.<\/p>\n<p><a href=\"https:\/\/primicias2262.com\/wp-content\/uploads\/2023\/02\/9-2-23-Trab1.jpg\"><img loading=\"lazy\" decoding=\"async\" class=\"aligncenter size-full wp-image-97510\" src=\"https:\/\/primicias2262.com\/wp-content\/uploads\/2023\/02\/9-2-23-Trab1.jpg\" alt=\"\" width=\"800\" height=\"360\" \/><\/a><\/p>\n<p>Seguidamente asegur\u00f3 que \u201clo fundamental ahora en el proceso es que nosotros planteamos una impugnaci\u00f3n de la tasaci\u00f3n que hab\u00eda efectuado el martillero que iba a rematar el inmueble, extremadamente alta y que a los efectos procesales\u00a0 a nosotros nos imped\u00eda pedir la adjudicaci\u00f3n del inmueble, cosa que tambi\u00e9n hicimos, y el juez resolvi\u00f3 en esta instancia correr el traslado de la impugnaci\u00f3n al perito martillero y de la solicitud de compra directa dio vista la sindicatura, que en un t\u00e9rmino de ley de cinco d\u00edas h\u00e1biles se tiene que expedir al respecto\u201d.<\/p>\n<p>No obstante, a la espera de que se expida la s\u00edndico, el magistrado eej\u00f3 en claro que \u201cpor la ley de Quiebras hay posibilidad de que la cooperativa de trabajo que continu\u00f3 la explotaci\u00f3n \u00a0de las instalaciones pueda pedir la adjudicaci\u00f3n directa. Es este el caso, est\u00e1 autorizada Engraucop para la continuidad de la explotaci\u00f3n, de hecho est\u00e1 fabricando anchoas en un proceso de tercerizaci\u00f3n de bastante valor agregado, cosa que no es simple, con un trabajo intensivo e indirecto, que beneficia tambi\u00e9n a empresas pesqueras, transportistas y f\u00e1bricas que traen pescado para que se procese\u201d.<\/p>\n<p>Por consiguiente, \u201cel juez decidi\u00f3 correr el traslado a la s\u00edndico para que se expida, y para que prepare cu\u00e1les ser\u00edan los cr\u00e9ditos y montos a satisfacer para hacer la compra directa, que es el deseo de las cooperativistas\u201d, manifest\u00f3 Santill\u00e1n Garc\u00eda, para culminar que \u201cno hay que bajar los brazos y seguir trabajando por la misma senda con el apoyo de todas las fuerzas vivas, pol\u00edticas y sociales para que se llegue a concretar esta compra directa\u201d.<\/p>\n<p>Por su parte, a pocos minutos de hacerse eco de tan buena noticia, una de las trabajadoras de Engraucop, Anal\u00eda Morino, se\u00f1al\u00f3 tambi\u00e9n v\u00eda telef\u00f3nica en \u201cVoces de la Ciudad\u201d que \u201cestamos muy contentas, siento escalofr\u00edos en el cuerpo, pasamos un momento malo y ahora esto nos tranquiliza un poco y nos da tiempo a ver c\u00f3mo lo podemos solucionar. Estamos pidiendo apoyo y le buscaremos la vuelta, todav\u00eda no tenemos detalle del dinero que es y estamos esperando la respuesta del s\u00edndico\u201d, para rememorar que \u201cnosotros quedamos en la planta desde 2011 y hace 13 a\u00f1os que estamos trabajando sin parar, durante la pandemia no se par\u00f3 y seguimos\u201d.<\/p>\n","protected":false},"excerpt":{"rendered":"<p>As\u00ed lo anotici\u00f3 en la ma\u00f1ana de \u201cVoces de la Ciudad\u201d el Dr. Huberto Santill\u00e1n Garc\u00eda, a instancias de su actuaci\u00f3n en representaci\u00f3n de los m\u00e1s de 200 trabajadores de Engraucop, durante una nota telef\u00f3nica realizada por el periodista Jorge G\u00f3mez. En un tramo de la comunicaci\u00f3n, el profesional asever\u00f3 que \u201cla propensi\u00f3n de la [&hellip;]<\/p>\n","protected":false},"author":3,"featured_media":97646,"comment_status":"closed","ping_status":"closed","sticky":false,"template":"","format":"standard","meta":{"footnotes":""},"categories":[3],"tags":[],"class_list":["post-97645","post","type-post","status-publish","format-standard","has-post-thumbnail","category-masnoticias"],"_links":{"self":[{"href":"https:\/\/primicias2262.com\/noticias\/wp-json\/wp\/v2\/posts\/97645","targetHints":{"allow":["GET"]}}],"collection":[{"href":"https:\/\/primicias2262.com\/noticias\/wp-json\/wp\/v2\/posts"}],"about":[{"href":"https:\/\/primicias2262.com\/noticias\/wp-json\/wp\/v2\/types\/post"}],"author":[{"embeddable":true,"href":"https:\/\/primicias2262.com\/noticias\/wp-json\/wp\/v2\/users\/3"}],"replies":[{"embeddable":true,"href":"https:\/\/primicias2262.com\/noticias\/wp-json\/wp\/v2\/comments?post=97645"}],"version-history":[{"count":0,"href":"https:\/\/primicias2262.com\/noticias\/wp-json\/wp\/v2\/posts\/97645\/revisions"}],"wp:attachment":[{"href":"https:\/\/primicias2262.com\/noticias\/wp-json\/wp\/v2\/media?parent=97645"}],"wp:term":[{"taxonomy":"category","embeddable":true,"href":"https:\/\/primicias2262.com\/noticias\/wp-json\/wp\/v2\/categories?post=97645"},{"taxonomy":"post_tag","embeddable":true,"href":"https:\/\/primicias2262.com\/noticias\/wp-json\/wp\/v2\/tags?post=97645"}],"curies":[{"name":"wp","href":"https:\/\/api.w.org\/{rel}","templated":true}]}}