{"id":97649,"date":"2023-02-15T14:20:56","date_gmt":"2023-02-15T17:20:56","guid":{"rendered":"https:\/\/primicias2262.com\/?p=97649"},"modified":"2023-02-15T14:20:56","modified_gmt":"2023-02-15T17:20:56","slug":"la-segunda-quincena-de-febrero-inicia-con-nuevos-aumentos-en-la-nafta-y-carne","status":"publish","type":"post","link":"https:\/\/primicias2262.com\/noticias\/la-segunda-quincena-de-febrero-inicia-con-nuevos-aumentos-en-la-nafta-y-carne\/","title":{"rendered":"La segunda quincena de febrero inici\u00f3 con nuevos aumentos en la nafta y carne"},"content":{"rendered":"<p><strong>Empresarios locales de ambos rubros se manifestaron al respecto. En cuanto a los combustibles, el 4% para febrero estaba estipulado pero se dice que el valor est\u00e1 muy atrasado, mientras que desde el sector c\u00e1rnico genera mucha molestia la inestabilidad de un producto que ya subi\u00f3 por tercera semana consecutiva, en este caso 6%. \u00a0<\/strong><\/p>\n<p>Mediante las notas realizadas por el periodista Jorge G\u00f3mez en \u201cVoces de la Ciudad\u201d, Jos\u00e9 Luis Arrate, del Grupo que lleva su apellido, se refiri\u00f3 al aumento de las naftas, mientras que Gabriel Vallejos de Carnicer\u00eda \u00abAl Corte\u00bb hizo lo propio respecto a la carne.<\/p>\n<p>Apenas 24 horas despu\u00e9s de conocerse que la inflaci\u00f3n de enero en Argentina fue del 6%, Arrate habl\u00f3 de las naftas y manifest\u00f3 que \u201cse trata de un aumento que ya estaba previsto con este acuerdo de precios que se ha hecho de 4% mensual para diciembre, enero y febrero y un 3,5% que resta en marzo, pero queda m\u00e1s alejado de la realidad\u201d, ya que \u201cven\u00eda relegado el precio con anterioridad y el valor de la nafta est\u00e1 atrasado un 30%\u201d.<\/p>\n<p><a href=\"https:\/\/primicias2262.com\/wp-content\/uploads\/2021\/04\/Arrate.jpg\"><img loading=\"lazy\" decoding=\"async\" class=\"alignleft size-thumbnail wp-image-75445\" src=\"https:\/\/primicias2262.com\/wp-content\/uploads\/2021\/04\/Arrate-150x150.jpg\" alt=\"\" width=\"150\" height=\"150\" \/><\/a>Al ser consultado sobre qu\u00e9 va a pasar en abril si se sostiene la inflaci\u00f3n, si se puede liberar el precio de la nafta o no, expres\u00f3 que \u201cno se sabe qu\u00e9 va a ocurrir porque el aumento es un tema pol\u00edtico, no se sabe si lo van a seguir manteniendo o lo van a liberar\u201d, y en cuanto a los valores nuevos en los expendedores de Axion confirm\u00f3 que \u201ctodav\u00eda no se han modificado y se supone que lo van a hacer hoy o a partir de las 0 horas de ma\u00f1ana. Tenemos que estar mirando la p\u00e1gina de la petrolera para ver cu\u00e1ndo se actualiza, pero Axion siempre aumenta de noche as\u00ed que estimamos que ser\u00e1 a partir de ma\u00f1ana\u201d.<\/p>\n<p>Finalmente, pas\u00f3 en limpio los nuevos valores con este 4% de aumento al combustible: \u201cLa nafta Premium va a pasar a valer 270 pesos el litro, la s\u00faper a 211 pesos; el euro diesel va a estar rosando los 300 pesos; y el diesel 220 pesos\u201d.<\/p>\n<p><strong>La carne, un 6% m\u00e1s desde hoy<\/strong><\/p>\n<p>Por otra parte, Gabriel Vallejos, de Carnicer\u00eda Al Corte en 63 y 66, lament\u00f3 la inestabilidad de los precios de la carne al aire de \u201cVoces de la Ciudad\u201d: \u201cOtra vez hubo aumento\u2026 hoy entr\u00f3 la carne con un 6% m\u00e1s, ya estamos m\u00ednimo con un 46% de aumento y supuestamente no va a parar ah\u00ed\u2026 me dijeron ayer los que abastecen que supuestamente la semana que viene la van a tocar otro poquito\u201d, reflej\u00f3.<\/p>\n<p>Seguidamente ejemplific\u00f3 con tono poco feliz que \u201cahora un kilo para milanesas de nalga vale 1850 pesos sin el aumento, aunque lo tengo que trasladar al aumento, y en este caso la nalga para milanesas pasar\u00e1 a 1950 pesos. Es una locura todo esto\u2026 estos aumentos no benefician a nadie, ni a la gente, que el sueldo le rinde cada vez menos, ni a nosotros que vendemos cada vez menos, porque la gente se retrae con el precio\u201d.<\/p>\n<p><a href=\"https:\/\/primicias2262.com\/wp-content\/uploads\/2021\/06\/Carne-2.jpg\"><img loading=\"lazy\" decoding=\"async\" class=\"alignleft size-thumbnail wp-image-78017\" src=\"https:\/\/primicias2262.com\/wp-content\/uploads\/2021\/06\/Carne-2-150x150.jpg\" alt=\"\" width=\"150\" height=\"150\" \/><\/a><strong>En tanto, tambi\u00e9n fue tajante al declarar cuando se le consult\u00f3 por los siete cortes populares con precios hasta el 31 de marzo que lanz\u00f3 el gobierno nacional:<\/strong><\/p>\n<p>\u00abAc\u00e1 no existe eso, no s\u00e9 en qu\u00e9 parte del pa\u00eds existir\u00e1 eso y qu\u00e9 clase de carne es, pero ac\u00e1 a nosotros no nos llega ning\u00fan precio cuidado de esos\u2026 lo tendr\u00e1n los supermercados, pero hay que ver la calidad de lo que ponen en las g\u00f3ndolas\u2026 me encantar\u00eda verlo porque me parece un precio muy barato. Ojala que sea bueno para la gente y le sirva\u00bb, manifest\u00f3.<\/p>\n<p>Incluso, desliz\u00f3 que \u201cyo tambi\u00e9n puedo vender la carne m\u00e1s barata\u2026 pero bueno y barato no existe\u201d, y concluy\u00f3 entre risas que \u201csi me piden la falda a 675 pesos el kilo les digo que los llamen a Alberto o a Massa (en referencia al Presidente de la Naci\u00f3n y ministro de Econom\u00eda, respectivamente)\u2026 nos mienten como nos mintieron toda la vida\u201d.<\/p>\n","protected":false},"excerpt":{"rendered":"<p>Empresarios locales de ambos rubros se manifestaron al respecto. En cuanto a los combustibles, el 4% para febrero estaba estipulado pero se dice que el valor est\u00e1 muy atrasado, mientras que desde el sector c\u00e1rnico genera mucha molestia la inestabilidad de un producto que ya subi\u00f3 por tercera semana consecutiva, en este caso 6%. \u00a0 [&hellip;]<\/p>\n","protected":false},"author":3,"featured_media":97650,"comment_status":"closed","ping_status":"closed","sticky":false,"template":"","format":"standard","meta":{"footnotes":""},"categories":[3],"tags":[],"class_list":["post-97649","post","type-post","status-publish","format-standard","has-post-thumbnail","category-masnoticias"],"_links":{"self":[{"href":"https:\/\/primicias2262.com\/noticias\/wp-json\/wp\/v2\/posts\/97649","targetHints":{"allow":["GET"]}}],"collection":[{"href":"https:\/\/primicias2262.com\/noticias\/wp-json\/wp\/v2\/posts"}],"about":[{"href":"https:\/\/primicias2262.com\/noticias\/wp-json\/wp\/v2\/types\/post"}],"author":[{"embeddable":true,"href":"https:\/\/primicias2262.com\/noticias\/wp-json\/wp\/v2\/users\/3"}],"replies":[{"embeddable":true,"href":"https:\/\/primicias2262.com\/noticias\/wp-json\/wp\/v2\/comments?post=97649"}],"version-history":[{"count":0,"href":"https:\/\/primicias2262.com\/noticias\/wp-json\/wp\/v2\/posts\/97649\/revisions"}],"wp:attachment":[{"href":"https:\/\/primicias2262.com\/noticias\/wp-json\/wp\/v2\/media?parent=97649"}],"wp:term":[{"taxonomy":"category","embeddable":true,"href":"https:\/\/primicias2262.com\/noticias\/wp-json\/wp\/v2\/categories?post=97649"},{"taxonomy":"post_tag","embeddable":true,"href":"https:\/\/primicias2262.com\/noticias\/wp-json\/wp\/v2\/tags?post=97649"}],"curies":[{"name":"wp","href":"https:\/\/api.w.org\/{rel}","templated":true}]}}