{"id":97681,"date":"2023-02-16T10:04:08","date_gmt":"2023-02-16T13:04:08","guid":{"rendered":"https:\/\/primicias2262.com\/?p=97681"},"modified":"2023-02-16T10:04:08","modified_gmt":"2023-02-16T13:04:08","slug":"remodelan-el-galpon-de-cultura-primera-etapa-de-la-obra-integral-en-barrio-terminal","status":"publish","type":"post","link":"https:\/\/primicias2262.com\/noticias\/remodelan-el-galpon-de-cultura-primera-etapa-de-la-obra-integral-en-barrio-terminal\/","title":{"rendered":"Remodelan el galp\u00f3n de Cultura, primera etapa de la obra integral en Barrio Terminal"},"content":{"rendered":"<p><strong>La obra fue incorporada dentro del presupuesto que posteriormente comprende la transformaci\u00f3n de la infraestructura b\u00e1sica del Barrio Terminal, cuya inversi\u00f3n supera los 200 millones de pesos.<\/strong><\/p>\n<p>Otra de las obras que apunta a transformar la realidad de los vecinos de la ciudad tiene que ver con la infraestructura b\u00e1sica del Barrio Terminal, a la cual la gesti\u00f3n del intendente Arturo Rojas agreg\u00f3 en el presupuesto oficial la remodelaci\u00f3n total del galp\u00f3n abandonado en el predio de Cultura, donde funciona la Escuela de Artes y se erige la nueva sede de dicha Direcci\u00f3n.<\/p>\n<p>Precisamente en dicho galp\u00f3n comenzaron las tareas, haciendo a la primera etapa de la transformaci\u00f3n del barrio donde coinciden la Terminal de \u00d3mnibus, instituciones educativas y espacios verdes.<\/p>\n<p><a href=\"https:\/\/primicias2262.com\/wp-content\/uploads\/2023\/02\/FOTO-obra-galpon-Cultura2.jpeg\"><img loading=\"lazy\" decoding=\"async\" class=\"aligncenter size-large wp-image-97683\" src=\"https:\/\/primicias2262.com\/wp-content\/uploads\/2023\/02\/FOTO-obra-galpon-Cultura2-1024x682.jpeg\" alt=\"\" width=\"696\" height=\"464\" \/><\/a>Al respecto, el subsecretario de Planeamiento y Obras P\u00fablicas, Lisandro Dones, se\u00f1al\u00f3 este mi\u00e9rcoles que \u201cempezamos con las tareas que tienen que ver con la renovaci\u00f3n total del galp\u00f3n abandonado y quemado hace muchos a\u00f1os, donde sirve muy poco de la estructura y dentro de esta obra tan significativa para el barrio de la Terminal, donde est\u00e1n incluidos todos los servicios b\u00e1sicos de agua, cloaca, electricidad, cord\u00f3n cuneta y pavimento\u201d.<\/p>\n<p>Record\u00f3 seguidamente que \u201cesta obra de la renovaci\u00f3n del galp\u00f3n la incorporamos dentro del presupuesto que viene financiado desde Naci\u00f3n\u201d, y precis\u00f3 que \u201ces un galp\u00f3n que mide 30 metros de alto por 10 metros de ancho y cuando est\u00e9 terminado va a servir como un sal\u00f3n de usos m\u00faltiples destinado a un barrio que va a tener estas mejoras que significar\u00e1n un avance muy importante\u201d.<\/p>\n<p>El funcionario acot\u00f3 respecto al galp\u00f3n que \u201cest\u00e1 en un lugar ic\u00f3nico para la ciudad, es un punto con una historia muy importante porque est\u00e1 dentro del predio de la antigua Estaci\u00f3n de Ferrocarriles, donde funciona la Escuela de Artes y donde estaremos finalizando en las pr\u00f3ximas semanas con recursos propios la obra de las nuevas oficinas de la Direcci\u00f3n de Cultura, as\u00ed que a esta obra que es el recambio del techo completo y los pisos, se van a incorporar ba\u00f1os y vestuarios, y se va a poder aprovechar para distintas actividades\u201d.<\/p>\n<p><a href=\"https:\/\/primicias2262.com\/wp-content\/uploads\/2023\/02\/FOTO-obra-galpon-Cultura3.jpeg\"><img loading=\"lazy\" decoding=\"async\" class=\"aligncenter size-large wp-image-97684\" src=\"https:\/\/primicias2262.com\/wp-content\/uploads\/2023\/02\/FOTO-obra-galpon-Cultura3-1024x682.jpeg\" alt=\"\" width=\"696\" height=\"464\" \/><\/a><\/p>\n<p>Luego ser\u00e1 el turno de seguir por el barrio propiamente dicho, y en ese sentido Dones trajo a memoria que \u201cesta obra tiene una inversi\u00f3n mayor a los 200 millones de pesos, se gestion\u00f3 hace m\u00e1s de un a\u00f1o con la Secretar\u00eda de Barrios Populares de Naci\u00f3n y una vez que terminemos con el galp\u00f3n empezaremos seguramente con lo que es el pavimento de la Av. 43 entre 58 y 62, con los cordones cuneta totalmente nuevos\u201d.<\/p>\n<p>\u201cDespu\u00e9s seguiremos con el resto de los servicios: agua, cloaca, el entoscado y la iluminaci\u00f3n de todo el barrio de la Terminal\u201d, enumer\u00f3 el subsecretario, para enfatizar que es una obra que \u201capunta a transformar la vida de una gran barriada y a incorporar al sistema, dignificar y regularizar la situaci\u00f3n de un barrio que ha quedado en la periferia. De esta manera incorporamos a gente que est\u00e1 con servicios totalmente clandestinos en un asentamiento que durante muchos a\u00f1os fue creciendo y aspiramos a reordenar el barrio, a ponerle un l\u00edmite al crecimiento indiscriminado que tiene el mismo en los \u00faltimos tiempos y urbanizar un \u00e1rea que es un punto estrat\u00e9gico importante para la ciudad\u201d.<\/p>\n","protected":false},"excerpt":{"rendered":"<p>La obra fue incorporada dentro del presupuesto que posteriormente comprende la transformaci\u00f3n de la infraestructura b\u00e1sica del Barrio Terminal, cuya inversi\u00f3n supera los 200 millones de pesos. Otra de las obras que apunta a transformar la realidad de los vecinos de la ciudad tiene que ver con la infraestructura b\u00e1sica del Barrio Terminal, a la [&hellip;]<\/p>\n","protected":false},"author":3,"featured_media":97682,"comment_status":"closed","ping_status":"closed","sticky":false,"template":"","format":"standard","meta":{"footnotes":""},"categories":[3],"tags":[],"class_list":["post-97681","post","type-post","status-publish","format-standard","has-post-thumbnail","category-masnoticias"],"_links":{"self":[{"href":"https:\/\/primicias2262.com\/noticias\/wp-json\/wp\/v2\/posts\/97681","targetHints":{"allow":["GET"]}}],"collection":[{"href":"https:\/\/primicias2262.com\/noticias\/wp-json\/wp\/v2\/posts"}],"about":[{"href":"https:\/\/primicias2262.com\/noticias\/wp-json\/wp\/v2\/types\/post"}],"author":[{"embeddable":true,"href":"https:\/\/primicias2262.com\/noticias\/wp-json\/wp\/v2\/users\/3"}],"replies":[{"embeddable":true,"href":"https:\/\/primicias2262.com\/noticias\/wp-json\/wp\/v2\/comments?post=97681"}],"version-history":[{"count":0,"href":"https:\/\/primicias2262.com\/noticias\/wp-json\/wp\/v2\/posts\/97681\/revisions"}],"wp:attachment":[{"href":"https:\/\/primicias2262.com\/noticias\/wp-json\/wp\/v2\/media?parent=97681"}],"wp:term":[{"taxonomy":"category","embeddable":true,"href":"https:\/\/primicias2262.com\/noticias\/wp-json\/wp\/v2\/categories?post=97681"},{"taxonomy":"post_tag","embeddable":true,"href":"https:\/\/primicias2262.com\/noticias\/wp-json\/wp\/v2\/tags?post=97681"}],"curies":[{"name":"wp","href":"https:\/\/api.w.org\/{rel}","templated":true}]}}