{"id":97688,"date":"2023-02-17T10:25:15","date_gmt":"2023-02-17T13:25:15","guid":{"rendered":"https:\/\/primicias2262.com\/?p=97688"},"modified":"2023-02-17T10:25:15","modified_gmt":"2023-02-17T13:25:15","slug":"el-gobernador-siempre-escucha-nuestros-pedidos-y-mira-al-interior-bonaerense-aseguro-sanchez-jauregui","status":"publish","type":"post","link":"https:\/\/primicias2262.com\/noticias\/el-gobernador-siempre-escucha-nuestros-pedidos-y-mira-al-interior-bonaerense-aseguro-sanchez-jauregui\/","title":{"rendered":"\u201cEl Gobernador siempre escucha nuestros pedidos y mira al interior bonaerense\u201d, asegur\u00f3 S\u00e1nchez J\u00e1uregui"},"content":{"rendered":"<p><strong>La diputada provincial necochense, Natalia S\u00e1nchez J\u00e1uregui, destac\u00f3 al gobernador Axel Kicillof al hablar de dos obras claves: \u201cLa reparaci\u00f3n del Puente Dardo Rocha es otra obra gestionada que la provincia pondr\u00e1 en marcha\u201d, y subray\u00f3 que junto a la repotenciaci\u00f3n el\u00e9ctrica de Quequ\u00e9n \u00abson hechos y no palabras de una gesti\u00f3n provincial comprometida con todas y todos los necochenses\u00bb.<\/strong><\/p>\n<p>La diputada provincial Natalia S\u00e1nchez J\u00e1uregui, expres\u00f3 que tras varias gestiones realizadas, comenzar\u00e1n las tareas de mantenimiento y reacondicionamiento de las pasarelas en el Puente Dardo Rocha, que une Quequ\u00e9n con Necochea.<\/p>\n<p>Esta obra estar\u00e1 a cargo de la Direcci\u00f3n de Vialidad bonaerense y se llamar\u00e1 a licitaci\u00f3n para la reconstrucci\u00f3n del puente.<\/p>\n<p>\u201cVenimos pidiendo esta obra por su estado cr\u00edtico, y hay una decisi\u00f3n del Gobernador, que siempre escucha nuestros pedidos y mira al interior bonaerense\u201d, asegur\u00f3 S\u00e1nchez J\u00e1uregui.<\/p>\n<p><a href=\"https:\/\/primicias2262.com\/wp-content\/uploads\/2023\/02\/Puente-Dardo-Rocha.jpeg\"><img loading=\"lazy\" decoding=\"async\" class=\"aligncenter size-large wp-image-97607\" src=\"https:\/\/primicias2262.com\/wp-content\/uploads\/2023\/02\/Puente-Dardo-Rocha-1024x682.jpeg\" alt=\"\" width=\"696\" height=\"464\" \/><\/a>\u201cSi bien esta no es una obra f\u00e1cil por sus caracter\u00edsticas\u00a0 y envergadura, hay una decisi\u00f3n del Estado Provincial y de Axel Kicillof de llevarla adelante con Vialidad de la Provincia de Buenos Aires que tiene los recursos para ponerla en marcha\u201d, detall\u00f3 la legisladora del Frente de Todos.<\/p>\n<p>Es importante aclarar que se trabaja en un nuevo llamado a licitaci\u00f3n y\u00a0 se est\u00e1n haciendo algunas modificaciones en el proyecto tratando que est\u00e9 en l\u00ednea con empresas y gente que se dedica a este tipo de trabajos que son dif\u00edciles y\u00a0 puedan asesorar en la nueva licitaci\u00f3n\u201d, explic\u00f3 S\u00e1nchez J\u00e1uregui.<\/p>\n<p>Y agreg\u00f3: \u201cEstamos mirando este puente desde siempre y gestionando para que esto comience cuanto antes. Se est\u00e1 buscando la forma de mejorar el pliego para atraer a las empresas que se dedican a este tipo de obra. Hasta el momento fueron varias las empresas que visitaron el puente pero luego por un motivo u otro no concretaron el trabajo\u201d.<\/p>\n<p>Finalmente, destac\u00f3 que en el tiempo intermedio hasta la adjudicaci\u00f3n de la obra e inicio de los trabajos, la Direcci\u00f3n de Vialidad realizar\u00e1 aquellas reparaciones urgentes y necesarias, en orden a permitir el normal uso del puente.<\/p>\n<p><a href=\"https:\/\/primicias2262.com\/wp-content\/uploads\/2023\/02\/FOTO-puente-dardo-rocha.jpeg\"><img loading=\"lazy\" decoding=\"async\" class=\"aligncenter size-large wp-image-97606\" src=\"https:\/\/primicias2262.com\/wp-content\/uploads\/2023\/02\/FOTO-puente-dardo-rocha-1024x682.jpeg\" alt=\"\" width=\"696\" height=\"464\" \/><\/a><\/p>\n","protected":false},"excerpt":{"rendered":"<p>La diputada provincial necochense, Natalia S\u00e1nchez J\u00e1uregui, destac\u00f3 al gobernador Axel Kicillof al hablar de dos obras claves: \u201cLa reparaci\u00f3n del Puente Dardo Rocha es otra obra gestionada que la provincia pondr\u00e1 en marcha\u201d, y subray\u00f3 que junto a la repotenciaci\u00f3n el\u00e9ctrica de Quequ\u00e9n \u00abson hechos y no palabras de una gesti\u00f3n provincial comprometida con [&hellip;]<\/p>\n","protected":false},"author":3,"featured_media":97689,"comment_status":"closed","ping_status":"closed","sticky":false,"template":"","format":"standard","meta":{"footnotes":""},"categories":[3],"tags":[],"class_list":["post-97688","post","type-post","status-publish","format-standard","has-post-thumbnail","category-masnoticias"],"_links":{"self":[{"href":"https:\/\/primicias2262.com\/noticias\/wp-json\/wp\/v2\/posts\/97688","targetHints":{"allow":["GET"]}}],"collection":[{"href":"https:\/\/primicias2262.com\/noticias\/wp-json\/wp\/v2\/posts"}],"about":[{"href":"https:\/\/primicias2262.com\/noticias\/wp-json\/wp\/v2\/types\/post"}],"author":[{"embeddable":true,"href":"https:\/\/primicias2262.com\/noticias\/wp-json\/wp\/v2\/users\/3"}],"replies":[{"embeddable":true,"href":"https:\/\/primicias2262.com\/noticias\/wp-json\/wp\/v2\/comments?post=97688"}],"version-history":[{"count":0,"href":"https:\/\/primicias2262.com\/noticias\/wp-json\/wp\/v2\/posts\/97688\/revisions"}],"wp:attachment":[{"href":"https:\/\/primicias2262.com\/noticias\/wp-json\/wp\/v2\/media?parent=97688"}],"wp:term":[{"taxonomy":"category","embeddable":true,"href":"https:\/\/primicias2262.com\/noticias\/wp-json\/wp\/v2\/categories?post=97688"},{"taxonomy":"post_tag","embeddable":true,"href":"https:\/\/primicias2262.com\/noticias\/wp-json\/wp\/v2\/tags?post=97688"}],"curies":[{"name":"wp","href":"https:\/\/api.w.org\/{rel}","templated":true}]}}