{"id":97694,"date":"2023-02-16T12:58:01","date_gmt":"2023-02-16T15:58:01","guid":{"rendered":"https:\/\/primicias2262.com\/?p=97694"},"modified":"2023-02-16T12:58:01","modified_gmt":"2023-02-16T15:58:01","slug":"inminente-inicio-de-la-obra-de-pavimentacion-de-la-av-58-entre-81-y-91","status":"publish","type":"post","link":"https:\/\/primicias2262.com\/noticias\/inminente-inicio-de-la-obra-de-pavimentacion-de-la-av-58-entre-81-y-91\/","title":{"rendered":"Inminente inicio de la obra de pavimentaci\u00f3n de la Av. 58 entre 81 y 91"},"content":{"rendered":"<p><strong>Por Jorge G\u00f3mez<\/strong><\/p>\n<p><a href=\"https:\/\/primicias2262.com\/wp-content\/uploads\/2021\/08\/Gomez.jpg\"><img loading=\"lazy\" decoding=\"async\" class=\"alignleft size-thumbnail wp-image-80409\" src=\"https:\/\/primicias2262.com\/wp-content\/uploads\/2021\/08\/Gomez-150x150.jpg\" alt=\"\" width=\"150\" height=\"150\" \/><\/a> Ya est\u00e1 dispuesto el cartel de obra que informa del pronto inicio de la obra de pavimento de la avenida 58 entre 81 y 91, en ambas manos -que suman 10 cuadras-, tarea que comenzar\u00eda a ejecutarse en los pr\u00f3ximos d\u00edas.<\/p>\n<p>Los recursos a utilizarse en este emprendimiento provienen del denominado Fondo de Infraestructura Municipal (FIM), y las tareas comprender\u00e1n, adem\u00e1s, la disposici\u00f3n de la nueva vereda que da hacia el Parque Miguel Lillo -con similar uso del asfalto de aquella avenida-, entre las calles 117 y 155, la misma que desde este verano cuenta con flamante iluminaci\u00f3n.<\/p>\n","protected":false},"excerpt":{"rendered":"<p>Por Jorge G\u00f3mez Ya est\u00e1 dispuesto el cartel de obra que informa del pronto inicio de la obra de pavimento de la avenida 58 entre 81 y 91, en ambas manos -que suman 10 cuadras-, tarea que comenzar\u00eda a ejecutarse en los pr\u00f3ximos d\u00edas. Los recursos a utilizarse en este emprendimiento provienen del denominado Fondo [&hellip;]<\/p>\n","protected":false},"author":3,"featured_media":97695,"comment_status":"closed","ping_status":"closed","sticky":false,"template":"","format":"standard","meta":{"footnotes":""},"categories":[3],"tags":[],"class_list":["post-97694","post","type-post","status-publish","format-standard","has-post-thumbnail","category-masnoticias"],"_links":{"self":[{"href":"https:\/\/primicias2262.com\/noticias\/wp-json\/wp\/v2\/posts\/97694","targetHints":{"allow":["GET"]}}],"collection":[{"href":"https:\/\/primicias2262.com\/noticias\/wp-json\/wp\/v2\/posts"}],"about":[{"href":"https:\/\/primicias2262.com\/noticias\/wp-json\/wp\/v2\/types\/post"}],"author":[{"embeddable":true,"href":"https:\/\/primicias2262.com\/noticias\/wp-json\/wp\/v2\/users\/3"}],"replies":[{"embeddable":true,"href":"https:\/\/primicias2262.com\/noticias\/wp-json\/wp\/v2\/comments?post=97694"}],"version-history":[{"count":0,"href":"https:\/\/primicias2262.com\/noticias\/wp-json\/wp\/v2\/posts\/97694\/revisions"}],"wp:attachment":[{"href":"https:\/\/primicias2262.com\/noticias\/wp-json\/wp\/v2\/media?parent=97694"}],"wp:term":[{"taxonomy":"category","embeddable":true,"href":"https:\/\/primicias2262.com\/noticias\/wp-json\/wp\/v2\/categories?post=97694"},{"taxonomy":"post_tag","embeddable":true,"href":"https:\/\/primicias2262.com\/noticias\/wp-json\/wp\/v2\/tags?post=97694"}],"curies":[{"name":"wp","href":"https:\/\/api.w.org\/{rel}","templated":true}]}}