{"id":97697,"date":"2023-02-16T13:11:29","date_gmt":"2023-02-16T16:11:29","guid":{"rendered":"https:\/\/primicias2262.com\/?p=97697"},"modified":"2023-02-16T13:11:29","modified_gmt":"2023-02-16T16:11:29","slug":"finalizo-la-restauracion-del-monumento-a-neptuno","status":"publish","type":"post","link":"https:\/\/primicias2262.com\/noticias\/finalizo-la-restauracion-del-monumento-a-neptuno\/","title":{"rendered":"Finaliz\u00f3 la restauraci\u00f3n del Monumento a Neptuno"},"content":{"rendered":"<p><strong>Se lo volver\u00e1 a situar frente al mar, en la zona que lleva su nombre, en avenida 2 y casi Pinolandia.<\/strong><\/p>\n<p><strong>Por Jorge G\u00f3mez<\/strong><\/p>\n<p><a href=\"https:\/\/primicias2262.com\/wp-content\/uploads\/2021\/08\/Gomez.jpg\"><img loading=\"lazy\" decoding=\"async\" class=\"alignleft size-thumbnail wp-image-80409\" src=\"https:\/\/primicias2262.com\/wp-content\/uploads\/2021\/08\/Gomez-150x150.jpg\" alt=\"\" width=\"150\" height=\"150\" \/><\/a>Est\u00e1 terminada la obra de restauraci\u00f3n del Monumento a Neptuno que apenas mejore el tiempo -seg\u00fan se inform\u00f3- ser\u00e1 reubicado frente al mar, con la nueva base dispuesta por la Municipalidad de Necochea, en el paseo conocido ahora como Parador Corona, en avenida 2 casi Pinolandia.<\/p>\n<p>La mencionada tarea de restauraci\u00f3n estuvo a cargo de personal municipal y en horas m\u00e1s ser\u00e1 trasladado al sitio donde se lo podr\u00e1 volver a apreciar, en v\u00edsperas de la movida que tambi\u00e9n llevar\u00e1n a cabo, en este caso el venidero domingo 19 de febrero, la Asociaci\u00f3n de Guardavidas locales, con la denominada \u201cmarcha de las antorchas\u201d que est\u00e1 anunciada a las 20.30.<\/p>\n<p><strong>El secretario Furno habl\u00f3 al respecto<\/strong><\/p>\n<p>De viaje de gesti\u00f3n junto al intendente Arturo Rojas, el secretario de Obras P\u00fablicas, Adri\u00e1n Furno, dialog\u00f3 v\u00eda telef\u00f3nica con \u201cVoces de la Ciudad\u201d, donde confirm\u00f3 ante este periodista que \u201cel monumento est\u00e1 totalmente restablecido, lo hizo Ariel Esp\u00f3sito que es un artista de la Municipalidad, quien ha trabajado un mont\u00f3n para poder recuperarlo\u201d.<\/p>\n<p>Vale recordar que el monumento forma parte de la plazoleta Neptuno, donde \u201cse ha hecho un trabajo importante, con un nuevo espacio para los guardavidas; nueva iluminaci\u00f3n con luces triales y forestaci\u00f3n del lugar\u2026 en definitiva, se est\u00e1 recuperando un espacio que estaba bastante perdido e incluso se hizo una bajada p\u00fablica con ingreso a la playa\u201d, enumer\u00f3 Furno.<\/p>\n<p>Finalmente, el secretario mencion\u00f3 al respecto que \u201ces un espacio p\u00fablico que se mejora y hay cosas que vamos a seguir haciendo durante el a\u00f1o ah\u00ed, a veces uno quiere hacer las cosas antes de la temporada pero no siempre se puede, pero el asunto es ir haci\u00e9ndolo y que las cosas sigan mejorando\u201d.<\/p>\n","protected":false},"excerpt":{"rendered":"<p>Se lo volver\u00e1 a situar frente al mar, en la zona que lleva su nombre, en avenida 2 y casi Pinolandia. Por Jorge G\u00f3mez Est\u00e1 terminada la obra de restauraci\u00f3n del Monumento a Neptuno que apenas mejore el tiempo -seg\u00fan se inform\u00f3- ser\u00e1 reubicado frente al mar, con la nueva base dispuesta por la Municipalidad [&hellip;]<\/p>\n","protected":false},"author":3,"featured_media":97698,"comment_status":"closed","ping_status":"closed","sticky":false,"template":"","format":"standard","meta":{"footnotes":""},"categories":[3],"tags":[],"class_list":["post-97697","post","type-post","status-publish","format-standard","has-post-thumbnail","category-masnoticias"],"_links":{"self":[{"href":"https:\/\/primicias2262.com\/noticias\/wp-json\/wp\/v2\/posts\/97697","targetHints":{"allow":["GET"]}}],"collection":[{"href":"https:\/\/primicias2262.com\/noticias\/wp-json\/wp\/v2\/posts"}],"about":[{"href":"https:\/\/primicias2262.com\/noticias\/wp-json\/wp\/v2\/types\/post"}],"author":[{"embeddable":true,"href":"https:\/\/primicias2262.com\/noticias\/wp-json\/wp\/v2\/users\/3"}],"replies":[{"embeddable":true,"href":"https:\/\/primicias2262.com\/noticias\/wp-json\/wp\/v2\/comments?post=97697"}],"version-history":[{"count":0,"href":"https:\/\/primicias2262.com\/noticias\/wp-json\/wp\/v2\/posts\/97697\/revisions"}],"wp:attachment":[{"href":"https:\/\/primicias2262.com\/noticias\/wp-json\/wp\/v2\/media?parent=97697"}],"wp:term":[{"taxonomy":"category","embeddable":true,"href":"https:\/\/primicias2262.com\/noticias\/wp-json\/wp\/v2\/categories?post=97697"},{"taxonomy":"post_tag","embeddable":true,"href":"https:\/\/primicias2262.com\/noticias\/wp-json\/wp\/v2\/tags?post=97697"}],"curies":[{"name":"wp","href":"https:\/\/api.w.org\/{rel}","templated":true}]}}