{"id":97701,"date":"2023-02-17T10:28:01","date_gmt":"2023-02-17T13:28:01","guid":{"rendered":"https:\/\/primicias2262.com\/?p=97701"},"modified":"2023-02-17T10:28:01","modified_gmt":"2023-02-17T13:28:01","slug":"furno-confirmo-que-se-completo-la-obra-del-caps-norte-y-en-breve-sera-inaugurado","status":"publish","type":"post","link":"https:\/\/primicias2262.com\/noticias\/furno-confirmo-que-se-completo-la-obra-del-caps-norte-y-en-breve-sera-inaugurado\/","title":{"rendered":"Furno confirm\u00f3 que se complet\u00f3 la obra del CAPS Norte y en breve ser\u00e1 inaugurado"},"content":{"rendered":"<p><strong>\u201cSon m\u00e1s de 20 a\u00f1os que llevaba la obra sin terminarse, toda la barriada del Norte lo estaba esperando y est\u00e1 terminado\u201d, resalt\u00f3 el secretario de Obras P\u00fablicas, Adri\u00e1n Furno, durante una nota telef\u00f3nica realizada este jueves por el periodista Jorge G\u00f3mez en \u201cVoces de la Ciudad\u201d.<\/strong><\/p>\n<p>En el contexto de una charla donde se abordaron varios aspectos de obras p\u00fablicas en la ciudad, el funcionario acentu\u00f3 en el ansiado Centro de Salud de Barrio Norte que abrir\u00e1 en calle 72 entre 47 y 49.<\/p>\n<p>\u201cUn tema es muy importante es que se termin\u00f3 y prontamente se va a inaugurar el CAPS de Barrio Norte, donde ayer estuvimos haciendo una recorrida y vimos que est\u00e1n todas las instalaciones completamente terminadas, as\u00ed que estamos coordinando con Salud para que en cualquier momento se haga la inauguraci\u00f3n\u201d, destac\u00f3 el titular de Obras P\u00fablicas.<\/p>\n\n<p>Acot\u00f3 acto seguido que \u201ces una obra que estuvo muchos a\u00f1os parada, son m\u00e1s de 20 a\u00f1os que llevaba sin terminarse, toda la barriada del Norte lo estaba esperando y est\u00e1 terminado, as\u00ed que tendr\u00e1n un lugar hermoso para que la gente pueda trabajar en condiciones y los vecinos puedan ir a atenderse\u201d.<\/p>\n<p>Emplazado en la calle 72 entre 47 y 49, y con una superficie de 179 metros cuadrados, este moderno complejo permitir\u00e1 que unas 5 mil personas puedan recibir atenci\u00f3n primaria, odontol\u00f3gica y psicol\u00f3gica, pero tambi\u00e9n asistencia social y estimulaci\u00f3n temprana, en el caso de los m\u00e1s peque\u00f1os.<\/p>\n<p>A mediados de 2021, haciendo hincapi\u00e9 en el acceso equitativo a la salud p\u00fablica como principio b\u00e1sico de su gesti\u00f3n, el intendente Arturo Rojas observ\u00f3 la falencia del sistema y decidi\u00f3 volver a poner en marcha, a trav\u00e9s del programa \u201cArgentina Hace\u201d de Naci\u00f3n y con buena parte de los recursos volcados desde la propia comuna, la construcci\u00f3n del CAPS Barrio Norte.<\/p>\n<p>Asimismo, Furno tambi\u00e9n se\u00f1al\u00f3 en el final de la comunicaci\u00f3n telef\u00f3nica que \u201cest\u00e1 terminado el CAPS Fucile de la playa, y estamos esperando en ese caso que venga la Provincia a hacer la inauguraci\u00f3n\u201d.<\/p>\n","protected":false},"excerpt":{"rendered":"<p>\u201cSon m\u00e1s de 20 a\u00f1os que llevaba la obra sin terminarse, toda la barriada del Norte lo estaba esperando y est\u00e1 terminado\u201d, resalt\u00f3 el secretario de Obras P\u00fablicas, Adri\u00e1n Furno, durante una nota telef\u00f3nica realizada este jueves por el periodista Jorge G\u00f3mez en \u201cVoces de la Ciudad\u201d. En el contexto de una charla donde se [&hellip;]<\/p>\n","protected":false},"author":3,"featured_media":97702,"comment_status":"closed","ping_status":"closed","sticky":false,"template":"","format":"standard","meta":{"footnotes":""},"categories":[3],"tags":[],"class_list":["post-97701","post","type-post","status-publish","format-standard","has-post-thumbnail","category-masnoticias"],"_links":{"self":[{"href":"https:\/\/primicias2262.com\/noticias\/wp-json\/wp\/v2\/posts\/97701","targetHints":{"allow":["GET"]}}],"collection":[{"href":"https:\/\/primicias2262.com\/noticias\/wp-json\/wp\/v2\/posts"}],"about":[{"href":"https:\/\/primicias2262.com\/noticias\/wp-json\/wp\/v2\/types\/post"}],"author":[{"embeddable":true,"href":"https:\/\/primicias2262.com\/noticias\/wp-json\/wp\/v2\/users\/3"}],"replies":[{"embeddable":true,"href":"https:\/\/primicias2262.com\/noticias\/wp-json\/wp\/v2\/comments?post=97701"}],"version-history":[{"count":0,"href":"https:\/\/primicias2262.com\/noticias\/wp-json\/wp\/v2\/posts\/97701\/revisions"}],"wp:attachment":[{"href":"https:\/\/primicias2262.com\/noticias\/wp-json\/wp\/v2\/media?parent=97701"}],"wp:term":[{"taxonomy":"category","embeddable":true,"href":"https:\/\/primicias2262.com\/noticias\/wp-json\/wp\/v2\/categories?post=97701"},{"taxonomy":"post_tag","embeddable":true,"href":"https:\/\/primicias2262.com\/noticias\/wp-json\/wp\/v2\/tags?post=97701"}],"curies":[{"name":"wp","href":"https:\/\/api.w.org\/{rel}","templated":true}]}}