{"id":97709,"date":"2023-02-17T09:32:26","date_gmt":"2023-02-17T12:32:26","guid":{"rendered":"https:\/\/primicias2262.com\/?p=97709"},"modified":"2023-02-17T09:32:26","modified_gmt":"2023-02-17T12:32:26","slug":"personal-de-la-upc-recambio-un-transformador-que-habia-dejado-el-centro-civico-sin-luz","status":"publish","type":"post","link":"https:\/\/primicias2262.com\/noticias\/personal-de-la-upc-recambio-un-transformador-que-habia-dejado-el-centro-civico-sin-luz\/","title":{"rendered":"Personal de la UPC recambi\u00f3 un transformador que hab\u00eda dejado el Centro C\u00edvico sin luz"},"content":{"rendered":"<p><strong>La Direcci\u00f3n de Prensa Municipal avis\u00f3 durante la ma\u00f1ana de este viernes:<\/strong><\/p>\n<p>Por un desperfecto t\u00e9cnico de la Usina, el Centro C\u00edvico y sector aleda\u00f1o est\u00e1n sin luz. Desde la madrugada de este viernes, por un desperfecto t\u00e9cnico de un transformador perteneciente a la Usina Popular Cooperativa se encuentra sin luz el Centro C\u00edvico y el sector aleda\u00f1o al mismo.<\/p>\n<p>Sin embargo, se inform\u00f3 minutos despu\u00e9s que personal de la UPC cambi\u00f3 el transformador y trabaj\u00f3 en las conexiones correspondientes para que la energ\u00eda volviera en breve, cosa que sucedi\u00f3 antes de las 10 de la ma\u00f1ana de este viernes.<\/p>\n","protected":false},"excerpt":{"rendered":"<p>La Direcci\u00f3n de Prensa Municipal avis\u00f3 durante la ma\u00f1ana de este viernes: Por un desperfecto t\u00e9cnico de la Usina, el Centro C\u00edvico y sector aleda\u00f1o est\u00e1n sin luz. Desde la madrugada de este viernes, por un desperfecto t\u00e9cnico de un transformador perteneciente a la Usina Popular Cooperativa se encuentra sin luz el Centro C\u00edvico y [&hellip;]<\/p>\n","protected":false},"author":3,"featured_media":97710,"comment_status":"closed","ping_status":"closed","sticky":false,"template":"","format":"standard","meta":{"footnotes":""},"categories":[3],"tags":[],"class_list":["post-97709","post","type-post","status-publish","format-standard","has-post-thumbnail","category-masnoticias"],"_links":{"self":[{"href":"https:\/\/primicias2262.com\/noticias\/wp-json\/wp\/v2\/posts\/97709","targetHints":{"allow":["GET"]}}],"collection":[{"href":"https:\/\/primicias2262.com\/noticias\/wp-json\/wp\/v2\/posts"}],"about":[{"href":"https:\/\/primicias2262.com\/noticias\/wp-json\/wp\/v2\/types\/post"}],"author":[{"embeddable":true,"href":"https:\/\/primicias2262.com\/noticias\/wp-json\/wp\/v2\/users\/3"}],"replies":[{"embeddable":true,"href":"https:\/\/primicias2262.com\/noticias\/wp-json\/wp\/v2\/comments?post=97709"}],"version-history":[{"count":0,"href":"https:\/\/primicias2262.com\/noticias\/wp-json\/wp\/v2\/posts\/97709\/revisions"}],"wp:attachment":[{"href":"https:\/\/primicias2262.com\/noticias\/wp-json\/wp\/v2\/media?parent=97709"}],"wp:term":[{"taxonomy":"category","embeddable":true,"href":"https:\/\/primicias2262.com\/noticias\/wp-json\/wp\/v2\/categories?post=97709"},{"taxonomy":"post_tag","embeddable":true,"href":"https:\/\/primicias2262.com\/noticias\/wp-json\/wp\/v2\/tags?post=97709"}],"curies":[{"name":"wp","href":"https:\/\/api.w.org\/{rel}","templated":true}]}}