{"id":97750,"date":"2023-02-17T13:59:02","date_gmt":"2023-02-17T16:59:02","guid":{"rendered":"https:\/\/primicias2262.com\/?p=97750"},"modified":"2023-02-17T13:59:02","modified_gmt":"2023-02-17T16:59:02","slug":"paro-del-jueves-23-bancarios-concurriran-al-trabajo-pero-no-habra-atencion-al-publico","status":"publish","type":"post","link":"https:\/\/primicias2262.com\/noticias\/paro-del-jueves-23-bancarios-concurriran-al-trabajo-pero-no-habra-atencion-al-publico\/","title":{"rendered":"Paro del jueves 23: bancarios concurrir\u00e1n al trabajo pero no habr\u00e1 atenci\u00f3n al p\u00fablico"},"content":{"rendered":"<p><strong>As\u00ed lo describi\u00f3 este viernes el titular de la Asociaci\u00f3n Bancaria local, Demian Ledesma, al otro d\u00eda de conocerse la medida de fuerza que adoptar\u00e1 la Bancaria Nacional el pr\u00f3ximo jueves 23 por 24 horas.<\/strong><\/p>\n<p>En el aire de \u201cVoces de la Ciudad\u201d y mediante una nota realizada por el periodista Jorge G\u00f3mez, Ledesma record\u00f3 los motivos del paro anunciado por el secretario General de la Asociaci\u00f3n Bancaria nacional, Sergio Palazzo.<\/p>\n<p>\u201cLa falta de voluntad empresaria para resolver la cuesti\u00f3n de la paritaria 2023; la pretendida imposici\u00f3n de un acuerdo salarial del 30% para el primer semestre, cuando tomando en cuenta los indicadores inflacionarios de enero, la inflaci\u00f3n proyectada va a superar ese 30%; y fundamentalmente la resistencia a discutir un tema clave que es el pago del impuesto a las ganancias\u201d, argument\u00f3 Demian.<\/p>\n<p>Acto seguido, explic\u00f3 la din\u00e1mica que tendr\u00e1 la medida de fuerza: \u201cLos bancos p\u00fablicos y privados van a paro por 24 horas, y la metodolog\u00eda es concurrencia al trabajo, es decir, los compa\u00f1eros van a estar en el lugar de trabajo, pero no se atender\u00e1 al p\u00fablico. Lo que se suele hacer es cerrar las puertas por una cuesti\u00f3n de seguridad para no tener a la gente en el recinto tratando de entrar porque no va haber atenci\u00f3n\u201d.<\/p>\n<p><a href=\"https:\/\/primicias2262.com\/wp-content\/uploads\/2021\/09\/Ledesma.jpeg\"><img loading=\"lazy\" decoding=\"async\" class=\"aligncenter size-full wp-image-82088\" src=\"https:\/\/primicias2262.com\/wp-content\/uploads\/2021\/09\/Ledesma.jpeg\" alt=\"\" width=\"1023\" height=\"627\" \/><\/a>Al ser consultado si hay margen de aqu\u00ed al mi\u00e9rcoles 22 para que se habilite alguna negociaci\u00f3n, Ledesma se mostr\u00f3 incr\u00e9dulo y explic\u00f3 que \u201cla discusi\u00f3n es c\u00f3mo se reparte la rentabilidad, el sector tienen altos m\u00e1rgenes de rentabilidad, estamos discutiendo tambi\u00e9n la manera en que se est\u00e1 desarrollando la actividad, nosotros creemos que se est\u00e1 desvirtuando la actividad nacional de los bancos, que es la promoci\u00f3n de la industria, el trabajo, de la compra de bienes de capital y de consumo, y est\u00e1 migrando el sistema a otro que se dedica simplemente a la timba financiera con la multiplicidad de colocaci\u00f3n de productos que hay y que no tienen que ver con la producci\u00f3n y el trabajo\u201d.<\/p>\n<p>\u201cSi la idea del sector empresario es prescindir de su obligaci\u00f3n social y su esp\u00edritu fundacional, nosotros estamos en desacuerdo\u201d, concluy\u00f3 el gremialista local.<\/p>\n","protected":false},"excerpt":{"rendered":"<p>As\u00ed lo describi\u00f3 este viernes el titular de la Asociaci\u00f3n Bancaria local, Demian Ledesma, al otro d\u00eda de conocerse la medida de fuerza que adoptar\u00e1 la Bancaria Nacional el pr\u00f3ximo jueves 23 por 24 horas. En el aire de \u201cVoces de la Ciudad\u201d y mediante una nota realizada por el periodista Jorge G\u00f3mez, Ledesma record\u00f3 [&hellip;]<\/p>\n","protected":false},"author":3,"featured_media":97751,"comment_status":"closed","ping_status":"closed","sticky":false,"template":"","format":"standard","meta":{"footnotes":""},"categories":[3],"tags":[],"class_list":["post-97750","post","type-post","status-publish","format-standard","has-post-thumbnail","category-masnoticias"],"_links":{"self":[{"href":"https:\/\/primicias2262.com\/noticias\/wp-json\/wp\/v2\/posts\/97750","targetHints":{"allow":["GET"]}}],"collection":[{"href":"https:\/\/primicias2262.com\/noticias\/wp-json\/wp\/v2\/posts"}],"about":[{"href":"https:\/\/primicias2262.com\/noticias\/wp-json\/wp\/v2\/types\/post"}],"author":[{"embeddable":true,"href":"https:\/\/primicias2262.com\/noticias\/wp-json\/wp\/v2\/users\/3"}],"replies":[{"embeddable":true,"href":"https:\/\/primicias2262.com\/noticias\/wp-json\/wp\/v2\/comments?post=97750"}],"version-history":[{"count":0,"href":"https:\/\/primicias2262.com\/noticias\/wp-json\/wp\/v2\/posts\/97750\/revisions"}],"wp:attachment":[{"href":"https:\/\/primicias2262.com\/noticias\/wp-json\/wp\/v2\/media?parent=97750"}],"wp:term":[{"taxonomy":"category","embeddable":true,"href":"https:\/\/primicias2262.com\/noticias\/wp-json\/wp\/v2\/categories?post=97750"},{"taxonomy":"post_tag","embeddable":true,"href":"https:\/\/primicias2262.com\/noticias\/wp-json\/wp\/v2\/tags?post=97750"}],"curies":[{"name":"wp","href":"https:\/\/api.w.org\/{rel}","templated":true}]}}