{"id":97753,"date":"2023-02-18T15:03:04","date_gmt":"2023-02-18T18:03:04","guid":{"rendered":"https:\/\/primicias2262.com\/?p=97753"},"modified":"2023-02-18T15:03:04","modified_gmt":"2023-02-18T18:03:04","slug":"el-restaurado-monumento-a-neptuno-volvio-a-estar-frente-a-las-playas-de-necochea","status":"publish","type":"post","link":"https:\/\/primicias2262.com\/noticias\/el-restaurado-monumento-a-neptuno-volvio-a-estar-frente-a-las-playas-de-necochea\/","title":{"rendered":"El restaurado Monumento\u00a0a Neptuno volvi\u00f3 a estar frente\u00a0a las playas de Necochea"},"content":{"rendered":"<p><strong>Fue reubicado en la ma\u00f1ana de s\u00e1bado 18 de febrero, tras el proceso de restauraci\u00f3n. Tareas a cargo de la Municipalidad de Necochea.<\/strong><\/p>\n<p><strong>Por Jorge G\u00f3mez\u00a0<\/strong><\/p>\n<p>Y una ma\u00f1ana de verano, en febrero, con vientos que est\u00e1n soplando del Sudoeste, con la presencia de lluvias aisladas y temperaturas alejadas de este mes estival, se repuso en su lugar, frente al mar, el Monumento a Neptuno, casi en el mismo parador en el que estuvo emplazado durante d\u00e9cadas a metros de la avenida 2 y Pinolandia, tras el proceso de restauraci\u00f3n llevado a cabo por personal de la Municipalidad de Necochea.<\/p>\n<p><a href=\"https:\/\/primicias2262.com\/wp-content\/uploads\/2023\/02\/neptuno-5.jpeg\"><img loading=\"lazy\" decoding=\"async\" class=\"alignleft size-medium wp-image-97781\" src=\"https:\/\/primicias2262.com\/wp-content\/uploads\/2023\/02\/neptuno-5-140x300.jpeg\" alt=\"\" width=\"140\" height=\"300\" \/><\/a>Las tareas de reubicaci\u00f3n de este monumento se llevaron a cabo en la presente jornada, en la v\u00edspera del encuentro de Las Antorchas que concretar\u00e1n este domingo 19 de febrero desde las 20.30 los guardavidas de Necochea y Quequ\u00e9n en este sector del frente costero necochense, donde se recordar\u00e1, entre otros datos de la agenda dispuesta, a los trabajadores de esta actividad fallecidos en el \u00faltimo a\u00f1o, adem\u00e1s de brindarse palabras alusivas a la fecha de conmemoraci\u00f3n de este tipo de labores que realizan durante cuatro meses consecutivos \u00b4-entre noviembre y abril- en las costas de nuestras ciudades.<\/p>\n<p>El proceso de restauraci\u00f3n del Monumento a Neptuno incluy\u00f3 la puesta en valor de la base en que qued\u00f3 repuesto esta ma\u00f1ana de s\u00e1bado -tambi\u00e9n en v\u00edsperas de los feriados de lunes y martes venideros, por los carnavales de 2023- con mejoramiento del \u00e1rea en cuesti\u00f3n, que incluir\u00e1 adem\u00e1s de nueva iluminaci\u00f3n, algo de forestaci\u00f3n y veredas que lo circundar\u00e1n.<\/p>\n<p><a href=\"https:\/\/primicias2262.com\/wp-content\/uploads\/2023\/02\/neptuno-3.jpeg\"><img loading=\"lazy\" decoding=\"async\" class=\"alignleft size-medium wp-image-97779\" src=\"https:\/\/primicias2262.com\/wp-content\/uploads\/2023\/02\/neptuno-3-300x225.jpeg\" alt=\"\" width=\"300\" height=\"225\" \/><\/a><a href=\"https:\/\/primicias2262.com\/wp-content\/uploads\/2023\/02\/neptuno-4.jpeg\"><img loading=\"lazy\" decoding=\"async\" class=\"aligncenter size-large wp-image-97780\" src=\"https:\/\/primicias2262.com\/wp-content\/uploads\/2023\/02\/neptuno-4-1024x768.jpeg\" alt=\"\" width=\"696\" height=\"522\" \/><\/a><\/p>\n<p>&nbsp;<\/p>\n<p><strong>Fotos brindadas por el secretario de Obras P\u00fablicas de la Municipalidad, Adri\u00e1n Furno.<\/strong><\/p>\n","protected":false},"excerpt":{"rendered":"<p>Fue reubicado en la ma\u00f1ana de s\u00e1bado 18 de febrero, tras el proceso de restauraci\u00f3n. Tareas a cargo de la Municipalidad de Necochea. Por Jorge G\u00f3mez\u00a0 Y una ma\u00f1ana de verano, en febrero, con vientos que est\u00e1n soplando del Sudoeste, con la presencia de lluvias aisladas y temperaturas alejadas de este mes estival, se repuso [&hellip;]<\/p>\n","protected":false},"author":3,"featured_media":97754,"comment_status":"closed","ping_status":"closed","sticky":false,"template":"","format":"standard","meta":{"footnotes":""},"categories":[3],"tags":[],"class_list":["post-97753","post","type-post","status-publish","format-standard","has-post-thumbnail","category-masnoticias"],"_links":{"self":[{"href":"https:\/\/primicias2262.com\/noticias\/wp-json\/wp\/v2\/posts\/97753","targetHints":{"allow":["GET"]}}],"collection":[{"href":"https:\/\/primicias2262.com\/noticias\/wp-json\/wp\/v2\/posts"}],"about":[{"href":"https:\/\/primicias2262.com\/noticias\/wp-json\/wp\/v2\/types\/post"}],"author":[{"embeddable":true,"href":"https:\/\/primicias2262.com\/noticias\/wp-json\/wp\/v2\/users\/3"}],"replies":[{"embeddable":true,"href":"https:\/\/primicias2262.com\/noticias\/wp-json\/wp\/v2\/comments?post=97753"}],"version-history":[{"count":0,"href":"https:\/\/primicias2262.com\/noticias\/wp-json\/wp\/v2\/posts\/97753\/revisions"}],"wp:attachment":[{"href":"https:\/\/primicias2262.com\/noticias\/wp-json\/wp\/v2\/media?parent=97753"}],"wp:term":[{"taxonomy":"category","embeddable":true,"href":"https:\/\/primicias2262.com\/noticias\/wp-json\/wp\/v2\/categories?post=97753"},{"taxonomy":"post_tag","embeddable":true,"href":"https:\/\/primicias2262.com\/noticias\/wp-json\/wp\/v2\/tags?post=97753"}],"curies":[{"name":"wp","href":"https:\/\/api.w.org\/{rel}","templated":true}]}}