{"id":97772,"date":"2023-02-22T08:49:17","date_gmt":"2023-02-22T11:49:17","guid":{"rendered":"https:\/\/primicias2262.com\/?p=97772"},"modified":"2023-02-22T08:49:17","modified_gmt":"2023-02-22T11:49:17","slug":"la-planta-de-tratamiento-es-un-nuevo-paradigma-para-necochea-que-debe-empezar-a-ser-una-ciudad-verde","status":"publish","type":"post","link":"https:\/\/primicias2262.com\/noticias\/la-planta-de-tratamiento-es-un-nuevo-paradigma-para-necochea-que-debe-empezar-a-ser-una-ciudad-verde\/","title":{"rendered":"\u201cLa Planta de Tratamiento es un nuevo paradigma para Necochea, que debe empezar a ser una ciudad verde\u201d"},"content":{"rendered":"<p><strong>En su visita a los estudios de \u201cVoces de la Ciudad\u201d, la Concejal de Nueva Necochea, Ruth Kalle, cont\u00f3 cada detalle del proyecto durante una nota realizada por el periodista Jorge G\u00f3mez. La licenciada dej\u00f3 en claro que \u201ces un proyecto integral y a largo plazo, independiente del gobierno de turno, y algo de lo que todos los necochenses nos tenemos que apropiar\u201d.<\/strong><\/p>\n<p>Tras la firma de los acuerdos con la empresa RELISA hace pocos meses, el municipio avanza en el tan ansiado y necesario proyecto de la Planta de Tratamiento y Clasificaci\u00f3n de Residuos S\u00f3lidos Urbanos, la cual se ubicar\u00e1 sobre un predio de 20 hect\u00e1reas detr\u00e1s del Cementerio y acerca de lo cual la concejal Ruth Kalle brind\u00f3 todo tipo de detalles en una nota imperdible para el ciudadano necochense.<\/p>\n<p>Primeramente, la otrora secretaria de Salud cont\u00f3 que \u201cestamos terminando de escribir la ordenanza que ser\u00e1 el marco regulatorio para todo el tema de gesti\u00f3n integral de residuos s\u00f3lidos urbanos. En 2018 el gobierno de turno escribi\u00f3 una ordenanza que en el contexto de hoy qued\u00f3 incompleta, en principio empezamos a pensar en modificarla pero ya se transformar\u00eda en otra ordenanza. La termin\u00e9 de escribir hace unos d\u00edas, est\u00e1 pasando por las \u00e1reas y la idea es que sea un marco regulatorio que pueda no solo hablar de las sanciones en el caso de que alguien incumpla con el tema de c\u00f3mo separar y depositar los residuos, peque\u00f1os y grandes generadores, y que los considerandos tengan\u00a0cu\u00e1l es el esp\u00edritu de este plan nacional y provincial al cual los municipios adhieren\u201d.<\/p>\n<p>\u201cLa condici\u00f3n para que un municipio pueda adherir es que haya una planta de separaci\u00f3n instalada\u201d, se\u00f1al\u00f3 Kalle, y enfatiz\u00f3 en la firma del acuerdo que \u201csolucionar\u00e1 una cuesti\u00f3n econ\u00f3mica y legal, ya que hab\u00eda incumplimiento de ambas partes y el punto es\u00a0que se empiece a solucionar el tema y que se plantee un nuevo paradigma, y el nuevo paradigma es que Necochea tiene que empezar a ser una ciudad verde, que empiece a reciclar, a transformar la basura en residuo y que pueda ser inserta en el mercado laboral por los trabajadores informales que hoy est\u00e1n totalmente precarizados. Son recolectores informales que viven o permanecen con sus familias alrededor de los basurales\u201d.<\/p>\n<p>En este \u00faltimo sentido, la edil ampli\u00f3 que \u201chicimos un relevamiento de todas estas personas y articularos con Desarrollo Humano para que puedan contarnos cu\u00e1l es la situaci\u00f3n real de esa gente, y les vamos a proponer a trav\u00e9s de una cooperativa de trabajo reunirlos en un proyecto especial de gesti\u00f3n de residuos para ellos. Esto les va a permitir tener obra social, estar bancarizados, poder tener otras condiciones de higiene y salubridad para su familia, calidad de vida y un puesto de trabajo genuino\u201d.<\/p>\n<p>En cuanto al predio en s\u00ed, Kalle manifest\u00f3 que \u201cpara julio o agosto estar\u00eda la planta. El predio de 20 hect\u00e1reas donde funcionar\u00e1 la planta de separaci\u00f3n tendr\u00e1 afectadas\u00a0 cuatro hect\u00e1reas donde ir\u00e1 todo inorg\u00e1nico: vidrio, cart\u00f3n, papel metal, todas las cosas que podemos reciclar y separar va a ir a la planta. Si el vecino va con su bolsa de pl\u00e1stico o vidrio se lo recibe y se lo dejar\u00e1 acceder a la planta, pero si viene con material org\u00e1nico no se lo recibir\u00e1. Ese material tiene que ser recolectado por la empresa en el domicilio\u201d, y \u201cen las 16 hect\u00e1reas restantes habr\u00e1 un box para la escombrera, ya que los escombros se tiran en cualquier lugar, en otro sector residuos tecnol\u00f3gicos a trav\u00e9s de un convenio que vamos a hacer con la c\u00e1rcel de Bat\u00e1n para poder llevar porque ellos reciben; y otro box con ramas que es otro tema importante\u2026 la idea a futuro poder tener una chipeadora para poder procesarlo y darle un destino verde, y todo lo que no se procese en la planta se acopiar\u00e1\u201d, acot\u00f3.<\/p>\n<p>Seguidamente, inform\u00f3 que \u201cen la planta ya se pusieron los mojones para delimitar el terreno. La empresa tiene parte de responsabilidad y de participaci\u00f3n tambi\u00e9n y armamos una mesa de trabajo con \u201cTodo para Ellos\u201d, que ser\u00e1n los encargados de operar la planta, de articular con la cooperativa y hacer convenios econ\u00f3micos por el destino del cart\u00f3n, papel y dem\u00e1s; \u00a0con la propia empresa a trav\u00e9s de su titular Guillermo Mart\u00ednez; con Adri\u00e1n Furno y Adri\u00e1n Ciancaglini de Obras P\u00fablicas; Gesti\u00f3n Ambiental y yo por el Concejo\u201d.<\/p>\n<p>Asimismo, revel\u00f3 que \u201cjuntos estamos dise\u00f1ando tambi\u00e9n los puntos verdes, que en principio ser\u00e1n tres, y consistir\u00e1n en contenedores con oficinas donde se depositar\u00e1n seleccionadamente los distintos tipos de residuos, habr\u00e1 horarios especiales, se recibir\u00e1 a la gente y se le ense\u00f1ar\u00e1 qu\u00e9 depositar y c\u00f3mo. No estar\u00e1 abierto las 24 horas. Uno ser\u00e1 m\u00f3vil y los otros dos estar\u00e1n en puntos fijos\u201d.<\/p>\n<p>A su vez, Ruth Kalle no soslay\u00f3 la pata educativa del proyecto, y cont\u00f3 que hay proyectos de formaci\u00f3n y ense\u00f1anza al respecto junto con Unicen, Instituto N\u00ba 31 y Movimiento Scout,ya que \u00a0se apunta a todos los niveles de la educaci\u00f3n. \u201cEllo ser\u00e1 en paralelo a que nosotros barrio por barrio vayamos ense\u00f1ando el tema de la separaci\u00f3n. Es un proyecto integral y a largo plazo, independiente del gobierno de turno, es algo de lo que todos los necochenses nos tenemos que apropiar. Es el principio de la soluci\u00f3n para un tema tan caro para los necochenses que hace 22 a\u00f1os venimos tirando a cielo abierto en un basural que tiene quemas y contamina el ambiente\u201d, afirm\u00f3 a modo de conclusi\u00f3n.<\/p>\n","protected":false},"excerpt":{"rendered":"<p>En su visita a los estudios de \u201cVoces de la Ciudad\u201d, la Concejal de Nueva Necochea, Ruth Kalle, cont\u00f3 cada detalle del proyecto durante una nota realizada por el periodista Jorge G\u00f3mez. La licenciada dej\u00f3 en claro que \u201ces un proyecto integral y a largo plazo, independiente del gobierno de turno, y algo de lo [&hellip;]<\/p>\n","protected":false},"author":3,"featured_media":97773,"comment_status":"closed","ping_status":"closed","sticky":false,"template":"","format":"standard","meta":{"footnotes":""},"categories":[3],"tags":[],"class_list":["post-97772","post","type-post","status-publish","format-standard","has-post-thumbnail","category-masnoticias"],"_links":{"self":[{"href":"https:\/\/primicias2262.com\/noticias\/wp-json\/wp\/v2\/posts\/97772","targetHints":{"allow":["GET"]}}],"collection":[{"href":"https:\/\/primicias2262.com\/noticias\/wp-json\/wp\/v2\/posts"}],"about":[{"href":"https:\/\/primicias2262.com\/noticias\/wp-json\/wp\/v2\/types\/post"}],"author":[{"embeddable":true,"href":"https:\/\/primicias2262.com\/noticias\/wp-json\/wp\/v2\/users\/3"}],"replies":[{"embeddable":true,"href":"https:\/\/primicias2262.com\/noticias\/wp-json\/wp\/v2\/comments?post=97772"}],"version-history":[{"count":0,"href":"https:\/\/primicias2262.com\/noticias\/wp-json\/wp\/v2\/posts\/97772\/revisions"}],"wp:attachment":[{"href":"https:\/\/primicias2262.com\/noticias\/wp-json\/wp\/v2\/media?parent=97772"}],"wp:term":[{"taxonomy":"category","embeddable":true,"href":"https:\/\/primicias2262.com\/noticias\/wp-json\/wp\/v2\/categories?post=97772"},{"taxonomy":"post_tag","embeddable":true,"href":"https:\/\/primicias2262.com\/noticias\/wp-json\/wp\/v2\/tags?post=97772"}],"curies":[{"name":"wp","href":"https:\/\/api.w.org\/{rel}","templated":true}]}}