{"id":97797,"date":"2023-02-22T16:02:33","date_gmt":"2023-02-22T19:02:33","guid":{"rendered":"https:\/\/primicias2262.com\/?p=97797"},"modified":"2023-02-22T16:02:33","modified_gmt":"2023-02-22T19:02:33","slug":"firmamos-y-notificamos-un-decreto-autorizando-la-realizacion-de-la-fiesta-bresh","status":"publish","type":"post","link":"https:\/\/primicias2262.com\/noticias\/firmamos-y-notificamos-un-decreto-autorizando-la-realizacion-de-la-fiesta-bresh\/","title":{"rendered":"\u201cFirmamos y notificamos un decreto autorizando la realizaci\u00f3n de la Fiesta Bresh\u201d"},"content":{"rendered":"<p><strong>As\u00ed lo afirm\u00f3 el secretario de Gobierno Jorge Mart\u00ednez, quien en \u201cVoces de la Ciudad\u201d asegur\u00f3 que \u201cest\u00e1n todos los recaudos tomados para que el evento se desarrolle con total normalidad\u201d.<\/strong><\/p>\n<p>Durante una nota realizada por el periodista Jorge G\u00f3mez, varios fueron los temas que abord\u00f3 el funcionario, pero gran parte de la charla se centraliz\u00f3 en la Fiesta Bresh, evento destinado a las nuevas generaciones que se realizar\u00eda el venidero s\u00e1bado 25 en la cancha de Villa D\u00edaz V\u00e9lez, en 10 y 131, aunque en las \u00faltimas horas fueron elevadas notas en contra de la realizaci\u00f3n por parte de la Asociaci\u00f3n para la Conservaci\u00f3n del Parque Miguel Lillo y de la Asociaci\u00f3n Bosque y Comunidad, a partir de las cuales se peticiona que no se haga porque afecta al Parque Miguel Lillo y su naturaleza.<\/p>\n<p>Ante la consulta, Mart\u00ednez fue tajante al afirmar que \u201cel viernes anterior firmamos y notificamos la resoluci\u00f3n de un decreto del Departamento Ejecutivo autorizando la realizaci\u00f3n de la Fiesta Bresh\u201d.<\/p>\n<p>No obstante, el secretario de Gobierno se\u00f1al\u00f3 que \u201ceste tema tiene varias aristas: en principio los organizadores no encontraban lugar hasta que encontraron este club que tiene los papeles y habilitaci\u00f3n al d\u00eda, y luego los organizadores consiguieron el okey de bomberos, contrataron seguridad privada y los servicios de la Polic\u00eda de la Provincia de Buenos Aires; y adem\u00e1s tienen los seguros correspondientes. Esto se va a hacer en un \u00e1mbito controlado que es la cancha auxiliar de Villa D\u00edaz V\u00e9lez a 150 metros de la primera l\u00ednea de \u00e1rboles, e incluso hay un informe del \u00e1rea de Medio Ambiente que dice que es una actividad social temporal que no requiere informe de impacto ambiental\u201d.<\/p>\n<p>A modo de ejemplo, Mart\u00ednez enumer\u00f3 al respecto que \u201cen el parque hicimos el Festival Infantil, la Feria de las Colectividades y tenemos dentro del mismio un lugar al que concurre mucha gente, incluso los ah\u00ed firmantes seguramente, que es El Point; adem\u00e1s el Campo Scout que ha recibido hasta 3 mil chicos\u2026 entonces creo que es v\u00e1lida la actividad. A toda actividad que cumpla con los requisitos que establece la ordenanza vigente y la ley, nosotros le vamos a dar para adelante, porque esto es muy importante para la ciudad, le hace bien al turismo, a los hoteleros, a la C\u00e1mara Comercial, a la gastronom\u00eda y a todo\u201d.<\/p>\n<p>\u201cOtra arista es que tenemos la oposici\u00f3n de los locales nocturnos de la ciudad\u201d, acot\u00f3 el funcionario, con quienes \u201ctuvimos una reuni\u00f3n hace poco y personalmente les dije que organicen este tipo de eventos y bienvenido sea \u00a0que se hagan este tipo de fiestas que se realizan en toda la costa y en Necochea tenemos que estar a nivel para hacerlo, queremos que salga bien. Por supuesto los que manejan la nocturnidad tienen cierto recelo, pero nosotros los hemos convocado y les decimos que organicen eventos que van a\u00a0 contar con todo nuestro apoyo y equipamiento para hacerlo\u201d, agreg\u00f3.<\/p>\n<p>Finalmente, Mart\u00ednez se dirigi\u00f3 a los ambientalistas al expresar que \u201cuno entiende el cuidado de la naturaleza, pero creo que est\u00e1n dadas las condiciones para que todo salga bien y sea un gran espect\u00e1culo, con los recaudos necesarios, ya que habr\u00e1 cobertura de Polic\u00eda, Guardaparques, Bomberos y Tr\u00e1nsito, y aunque la Justicia puede parar esto, lo cierto es que est\u00e1n dados los recaudos para realizarlo con total normalidad\u201d.<\/p>\n","protected":false},"excerpt":{"rendered":"<p>As\u00ed lo afirm\u00f3 el secretario de Gobierno Jorge Mart\u00ednez, quien en \u201cVoces de la Ciudad\u201d asegur\u00f3 que \u201cest\u00e1n todos los recaudos tomados para que el evento se desarrolle con total normalidad\u201d. Durante una nota realizada por el periodista Jorge G\u00f3mez, varios fueron los temas que abord\u00f3 el funcionario, pero gran parte de la charla se [&hellip;]<\/p>\n","protected":false},"author":3,"featured_media":92805,"comment_status":"closed","ping_status":"closed","sticky":false,"template":"","format":"standard","meta":{"footnotes":""},"categories":[3],"tags":[],"class_list":["post-97797","post","type-post","status-publish","format-standard","has-post-thumbnail","category-masnoticias"],"_links":{"self":[{"href":"https:\/\/primicias2262.com\/noticias\/wp-json\/wp\/v2\/posts\/97797","targetHints":{"allow":["GET"]}}],"collection":[{"href":"https:\/\/primicias2262.com\/noticias\/wp-json\/wp\/v2\/posts"}],"about":[{"href":"https:\/\/primicias2262.com\/noticias\/wp-json\/wp\/v2\/types\/post"}],"author":[{"embeddable":true,"href":"https:\/\/primicias2262.com\/noticias\/wp-json\/wp\/v2\/users\/3"}],"replies":[{"embeddable":true,"href":"https:\/\/primicias2262.com\/noticias\/wp-json\/wp\/v2\/comments?post=97797"}],"version-history":[{"count":0,"href":"https:\/\/primicias2262.com\/noticias\/wp-json\/wp\/v2\/posts\/97797\/revisions"}],"wp:attachment":[{"href":"https:\/\/primicias2262.com\/noticias\/wp-json\/wp\/v2\/media?parent=97797"}],"wp:term":[{"taxonomy":"category","embeddable":true,"href":"https:\/\/primicias2262.com\/noticias\/wp-json\/wp\/v2\/categories?post=97797"},{"taxonomy":"post_tag","embeddable":true,"href":"https:\/\/primicias2262.com\/noticias\/wp-json\/wp\/v2\/tags?post=97797"}],"curies":[{"name":"wp","href":"https:\/\/api.w.org\/{rel}","templated":true}]}}