{"id":97799,"date":"2023-02-24T12:30:32","date_gmt":"2023-02-24T15:30:32","guid":{"rendered":"https:\/\/primicias2262.com\/?p=97799"},"modified":"2023-02-24T12:30:32","modified_gmt":"2023-02-24T15:30:32","slug":"la-seguridad-es-un-tema-recurrente-que-nos-preocupa-y-nos-ocupa-permanentemente","status":"publish","type":"post","link":"https:\/\/primicias2262.com\/noticias\/la-seguridad-es-un-tema-recurrente-que-nos-preocupa-y-nos-ocupa-permanentemente\/","title":{"rendered":"\u201cLa seguridad es un tema recurrente que nos preocupa y nos ocupa permanentemente\u201d"},"content":{"rendered":"<p><strong>Luego de la visita junto al intendente Arturo Rojas al Ministerio de Seguridad de la Provincia de Buenos Aires, el secretario de Gobierno, Jorge Mart\u00ednez, pas\u00f3 por los estudios de \u201cVoces de la Ciudad\u201d y en una nota realizada por el periodista Jorge G\u00f3mez cont\u00f3 detalles de medidas de seguridad para el a\u00f1o en curso.<\/strong><\/p>\n<p>En principio el funcionario reconoci\u00f3 que \u201cla seguridad es un tema recurrente, nos preocupa y nos ocupamos permanentemente, d\u00eda a d\u00eda tenemos hechos delictivos, pero no escapamos a la inseguridad de la Provincia de Buenos Aires\u201d.<\/p>\n<p>Dicho ello, se\u00f1al\u00f3 que en el Ministerio \u201chablamos de c\u00f3mo se hab\u00edan invertido los fondos de seguridad del 2022, principalmente lo que tiene que ver con Caballer\u00eda y la pronta inauguraci\u00f3n del Destacamento, que era un objetivo que nos propusimos desde el inicio de la gesti\u00f3n y ya estamos por lograrlo. Habr\u00e1 un gran porcentaje de oficiales de Caballer\u00eda que estuvieron en el Operativo Sol que se quedar\u00e1n todo el a\u00f1o, ya est\u00e1n las instalaciones de las caballerizas al lado del Vivero donde permanecer\u00e1n los efectivos y ello est\u00e1 pronto a inaugurarse\u201d.<\/p>\n<p>Otro tema es el refuerzo de m\u00f3viles, acerca de lo cual Mart\u00ednez asever\u00f3 que \u201cest\u00e1 el compromiso de arreglar algunos m\u00f3viles, y algunos ya se han arreglado\u201d, al tiempo que sobre los fondos que van a llegar para este 2023 detall\u00f3 que \u201cse trata de una suma de alrededor de 70 millones de pesos, lo que gran parte ser\u00e1 destinado a la infraestructura de la Comisar\u00eda Segunda de Quequ\u00e9n y algunos trabajos en la Departamental; trabajos en Comando y poner en valor la posta policial de Claraz, m\u00e1s ampliaci\u00f3n y puesta en valor de la posta policial del Barrio 9 de Julio, donde trasladaremos algunas dependencias, como por ejemplo Narcotr\u00e1fico o el GPM (Grupo de Patrulla Motorizada)\u201d.<\/p>\n<p>Seguidamente, Mart\u00ednez se refiri\u00f3 a la nueva Sala de Monitoreo. \u201cTambi\u00e9n hablamos de un convenio por la central Multiagencia, estamos a pocos d\u00edas de inaugurar la sala de Monitoreo en 58 entre 67 y 65, y la idea es instalar una central Multiagencia, siendo uno de los primeros municipios en tenerla, con toda la base de datos del Ministerio, el seguimiento con GPS y ABL de los veh\u00edculos y estad\u00edsticas que vamos a tener en vivo y en directo, complementario con el trabajo de las c\u00e1maras, y a su vez el despacho del 911 se va hacer ah\u00ed\u201d.<\/p>\n<p>Para finalizar respecto a medidas y gestiones de seguridad, Mart\u00ednez adelant\u00f3 que \u201chablamos tambi\u00e9n de la incorporaci\u00f3n de efectivos policiales, porque sabemos que tenemos un peque\u00f1o d\u00e9ficit en cuanto a personal policial y pedimos por aquellos egresados que tienen domicilio en Necochea para que sean reincorporados a las comisar\u00edas o Departamental de la ciudad\u201d.<\/p>\n","protected":false},"excerpt":{"rendered":"<p>Luego de la visita junto al intendente Arturo Rojas al Ministerio de Seguridad de la Provincia de Buenos Aires, el secretario de Gobierno, Jorge Mart\u00ednez, pas\u00f3 por los estudios de \u201cVoces de la Ciudad\u201d y en una nota realizada por el periodista Jorge G\u00f3mez cont\u00f3 detalles de medidas de seguridad para el a\u00f1o en curso. [&hellip;]<\/p>\n","protected":false},"author":3,"featured_media":97849,"comment_status":"closed","ping_status":"closed","sticky":false,"template":"","format":"standard","meta":{"footnotes":""},"categories":[3],"tags":[],"class_list":["post-97799","post","type-post","status-publish","format-standard","has-post-thumbnail","category-masnoticias"],"_links":{"self":[{"href":"https:\/\/primicias2262.com\/noticias\/wp-json\/wp\/v2\/posts\/97799","targetHints":{"allow":["GET"]}}],"collection":[{"href":"https:\/\/primicias2262.com\/noticias\/wp-json\/wp\/v2\/posts"}],"about":[{"href":"https:\/\/primicias2262.com\/noticias\/wp-json\/wp\/v2\/types\/post"}],"author":[{"embeddable":true,"href":"https:\/\/primicias2262.com\/noticias\/wp-json\/wp\/v2\/users\/3"}],"replies":[{"embeddable":true,"href":"https:\/\/primicias2262.com\/noticias\/wp-json\/wp\/v2\/comments?post=97799"}],"version-history":[{"count":0,"href":"https:\/\/primicias2262.com\/noticias\/wp-json\/wp\/v2\/posts\/97799\/revisions"}],"wp:attachment":[{"href":"https:\/\/primicias2262.com\/noticias\/wp-json\/wp\/v2\/media?parent=97799"}],"wp:term":[{"taxonomy":"category","embeddable":true,"href":"https:\/\/primicias2262.com\/noticias\/wp-json\/wp\/v2\/categories?post=97799"},{"taxonomy":"post_tag","embeddable":true,"href":"https:\/\/primicias2262.com\/noticias\/wp-json\/wp\/v2\/tags?post=97799"}],"curies":[{"name":"wp","href":"https:\/\/api.w.org\/{rel}","templated":true}]}}