{"id":97802,"date":"2023-02-22T16:01:20","date_gmt":"2023-02-22T19:01:20","guid":{"rendered":"https:\/\/primicias2262.com\/?p=97802"},"modified":"2023-02-22T16:01:20","modified_gmt":"2023-02-22T19:01:20","slug":"comenzo-el-ciclo-lectivo-2023-para-los-cuatro-jardines-maternales-municipales","status":"publish","type":"post","link":"https:\/\/primicias2262.com\/noticias\/comenzo-el-ciclo-lectivo-2023-para-los-cuatro-jardines-maternales-municipales\/","title":{"rendered":"Comenz\u00f3 el Ciclo Lectivo 2023 para los cuatro jardines maternales municipales"},"content":{"rendered":"<p><strong>Barquito de Papel, Acuario, Evita y Pichi Huinca reabrieron sus puertas a una amplia matr\u00edcula de ni\u00f1os y ni\u00f1as de 45 d\u00edas a dos a\u00f1os y a toda la comunidad educativa.<\/strong><\/p>\n<p>La jornada de este mi\u00e9rcoles 22 de febrero marc\u00f3 el inicio del ciclo lectivo 2023 para los cuatro jardines maternales municipales, donde la expectativa de directivos y docentes y la emoci\u00f3n de las familias estuvieron a flor de piel en cada una de las cuatro instituciones que reciben a beb\u00e9s y ni\u00f1os de 45 d\u00edas a dos a\u00f1os: el Barquito de Papel; Acuario; Evita y Pichi Huinca.<\/p>\n<p>Mariela Cellerino, directora de Educaci\u00f3n Municipal, estuvo presente en el sencillo acto que se realiz\u00f3 tempranamente en Barquito de Papel de Quequ\u00e9n, tras lo cual asegur\u00f3 que \u201ciniciamos con una gran expectativa y con mucha matr\u00edcula. Los inicios se dieron con propuestas pedag\u00f3gicas mediante las cuales las docentes recibieron a los alumnos y se hizo una peque\u00f1a bienvenida a las familias, factor fundamental en el periodo de adaptaci\u00f3n de los ni\u00f1os\u201d.<\/p>\n<p><a href=\"https:\/\/primicias2262.com\/wp-content\/uploads\/2023\/02\/FOTO-Jardin-Acuario.jpeg\"><img loading=\"lazy\" decoding=\"async\" class=\"aligncenter size-full wp-image-97803\" src=\"https:\/\/primicias2262.com\/wp-content\/uploads\/2023\/02\/FOTO-Jardin-Acuario.jpeg\" alt=\"\" width=\"1600\" height=\"720\" \/><\/a>A prop\u00f3sito de la matr\u00edcula numerosa que mencionaba Cellerino, el Barquito de Papel -cuya directora es Yanina Lacedra-, cuenta con 70 alumnos; el Jard\u00edn Acuario ubicado en 61 y 18 y con la Direcci\u00f3n a cargo de Mar\u00eda Ang\u00e9lica Prado, cuenta una matr\u00edcula total de 90 alumnos; el Evita en el centro de la ciudad y cuya directora es Paola Giles, tiene 82 beb\u00e9s y ni\u00f1os; y el Pichi Huinca detr\u00e1s del Hospital Municipal, y con la direcci\u00f3n a cargo de Rosana Ferrelli, cuenta con una matr\u00edcula de 120 ni\u00f1os y ni\u00f1as.<\/p>\n<p>En lo que fue una intensa jornada de bienvenida, en cada instituci\u00f3n y en diferentes turnos, las respectivas directoras y equipo docente de cada jard\u00edn recibieron a los grupos de lactantes, deambuladores y de dos a\u00f1os.<\/p>\n<p><a href=\"https:\/\/primicias2262.com\/wp-content\/uploads\/2023\/02\/FOTO-Pichi-Huinca.jpeg\"><img loading=\"lazy\" decoding=\"async\" class=\"aligncenter size-full wp-image-97805\" src=\"https:\/\/primicias2262.com\/wp-content\/uploads\/2023\/02\/FOTO-Pichi-Huinca.jpeg\" alt=\"\" width=\"1600\" height=\"720\" \/><\/a>La directora de Educaci\u00f3n subray\u00f3 que tras el periodo de pandemia \u201ces el segundo a\u00f1o con presencialidad plena, donde las cosas se vivencian de otra manera, con el v\u00ednculo tan importante con el docente estrech\u00e1ndose d\u00eda a d\u00eda a trav\u00e9s de las diferentes propuestas pedag\u00f3gicas\u201d, y se\u00f1al\u00f3 que \u201cantes del ciclo lectivo se hicieron arreglos de infraestructura en los maternales, algunos fueron pintados y en el caso de Barquito se hizo recambio de ventanales de aluminio\u201d.<\/p>\n<p>\u201cAhora se viene el periodo de adaptaci\u00f3n para los ni\u00f1os que comienzan y agradecemos a las familias que se muestran predispuestas en este primer paso que tiene que ver con la formaci\u00f3n del v\u00ednculo con los docentes\u201d, culmin\u00f3 la funcionaria que depende de la secretar\u00eda de Desarrollo Humano y Pol\u00edticas Sociales, a cargo de Sandra Antenucci.<\/p>\n","protected":false},"excerpt":{"rendered":"<p>Barquito de Papel, Acuario, Evita y Pichi Huinca reabrieron sus puertas a una amplia matr\u00edcula de ni\u00f1os y ni\u00f1as de 45 d\u00edas a dos a\u00f1os y a toda la comunidad educativa. La jornada de este mi\u00e9rcoles 22 de febrero marc\u00f3 el inicio del ciclo lectivo 2023 para los cuatro jardines maternales municipales, donde la expectativa [&hellip;]<\/p>\n","protected":false},"author":3,"featured_media":97804,"comment_status":"closed","ping_status":"closed","sticky":false,"template":"","format":"standard","meta":{"footnotes":""},"categories":[5],"tags":[],"class_list":{"0":"post-97802","1":"post","2":"type-post","3":"status-publish","4":"format-standard","5":"has-post-thumbnail","7":"category-neco"},"_links":{"self":[{"href":"https:\/\/primicias2262.com\/noticias\/wp-json\/wp\/v2\/posts\/97802","targetHints":{"allow":["GET"]}}],"collection":[{"href":"https:\/\/primicias2262.com\/noticias\/wp-json\/wp\/v2\/posts"}],"about":[{"href":"https:\/\/primicias2262.com\/noticias\/wp-json\/wp\/v2\/types\/post"}],"author":[{"embeddable":true,"href":"https:\/\/primicias2262.com\/noticias\/wp-json\/wp\/v2\/users\/3"}],"replies":[{"embeddable":true,"href":"https:\/\/primicias2262.com\/noticias\/wp-json\/wp\/v2\/comments?post=97802"}],"version-history":[{"count":0,"href":"https:\/\/primicias2262.com\/noticias\/wp-json\/wp\/v2\/posts\/97802\/revisions"}],"wp:featuredmedia":[{"embeddable":true,"href":"https:\/\/primicias2262.com\/noticias\/wp-json\/"}],"wp:attachment":[{"href":"https:\/\/primicias2262.com\/noticias\/wp-json\/wp\/v2\/media?parent=97802"}],"wp:term":[{"taxonomy":"category","embeddable":true,"href":"https:\/\/primicias2262.com\/noticias\/wp-json\/wp\/v2\/categories?post=97802"},{"taxonomy":"post_tag","embeddable":true,"href":"https:\/\/primicias2262.com\/noticias\/wp-json\/wp\/v2\/tags?post=97802"}],"curies":[{"name":"wp","href":"https:\/\/api.w.org\/{rel}","templated":true}]}}