{"id":97817,"date":"2023-02-23T13:54:05","date_gmt":"2023-02-23T16:54:05","guid":{"rendered":"https:\/\/primicias2262.com\/?p=97817"},"modified":"2023-02-23T13:54:05","modified_gmt":"2023-02-23T16:54:05","slug":"sanchez-apunto-contra-sanchez-jauregui-y-susana-laborde-deberian-ponerse-a-laburar-por-necochea","status":"publish","type":"post","link":"https:\/\/primicias2262.com\/noticias\/sanchez-apunto-contra-sanchez-jauregui-y-susana-laborde-deberian-ponerse-a-laburar-por-necochea\/","title":{"rendered":"S\u00e1nchez apunt\u00f3 contra S\u00e1nchez J\u00e1uregui y Susana Laborde: \u201cDeber\u00edan ponerse a laburar por Necochea\u201d"},"content":{"rendered":"<p><strong>\u201cQu\u00e9 alguna vez haga algo por la ciudad\u201d, y \u201cen lugar de dedicarse a los pajaritos y a los tucu tucu, se tiene que poner a trabajar\u201d, son las frases que verti\u00f3 el presidente del Concejo Deliberante en referencia primero a la diputada provincial Natalia S\u00e1nchez J\u00e1uregui; y luego a la directora de Hidr\u00e1ulica y reconocida activista ambiental, Susana Laborde,<\/strong> <strong>quienes mostraron sus posturas en contra de la realizaci\u00f3n de la Fiesta Bresh que se desarrollar\u00e1 el s\u00e1bado venidero.<\/strong><\/p>\n<p>En el contexto de la pol\u00e9mica por la realizaci\u00f3n de la Fiesta Bresh en la cancha de Villa D\u00edaz V\u00e9lez, ubicada en 10 y 131 con el Parque Miguel Lillo de fondo, el presidente del Concejo Deliberante y reconocido allegado a dicha entidad deportiva, Guillermo S\u00e1nchez, se dirigi\u00f3 en una nota realizada por el periodista Jorge G\u00f3mez en \u201cVoces de la Ciudad\u201d a la diputada provincial Natalia S\u00e1nchez J\u00e1uregui y a la presidenta de la Direcci\u00f3n provincial Hidr\u00e1ulica, Susana Laborde, quienes desde sus posturas pol\u00edtica y ambientalista est\u00e1n contra la realizaci\u00f3n del evento pactado para el pr\u00f3ximo s\u00e1bado 25, y para el cual el Departamento Ejecutivo Municipal dio el visto bueno.<\/p>\n<p>Con marcado \u00e9nfasis, S\u00e1nchez asever\u00f3 que \u201cse nota que no tienen tiempo para trabajar\u201d, y en primer t\u00e9rmino se refiri\u00f3 a S\u00e1nchez J\u00e1uregui. \u201cLa diputada provincial que, seg\u00fan me comentaron, se ha manifestado pidiendo la intervenci\u00f3n de la polic\u00eda para impedir la fiesta yo no lo puedo creer\u2026 voy a creer que no lo dijo y que me mintieron\u2026 deber\u00eda ponerse a trabajar para Necochea, o en realidad deber\u00eda ponerse a trabajar para San Vicente porque es de all\u00e1, pero naci\u00f3 en Necochea y alguna vez que haga algo por la ciudad\u201d.<\/p>\n<p>Seguidamente, apunt\u00f3 contra Laborde: \u201cOtra de las personas que est\u00e1 con los ambientalistas es Susana Laborde, quien deber\u00eda ponerse a trabajar desde la Direcci\u00f3n de Hidr\u00e1ulica de Buenos Aires en la erosi\u00f3n costera de Quequ\u00e9n, ya que la erosi\u00f3n costera es responsabilidad exclusiva de la Direcci\u00f3n de Hidr\u00e1ulica que ella preside, y no hace nada. Entonces en lugar de dedicarse a los pajaritos y a los tucu tucu, se tiene que poner a trabajar\u201d.<\/p>\n\n<p>Luego retom\u00f3 en direcci\u00f3n hacia la diputada y agreg\u00f3 que \u201csi quieren hacer pol\u00edtica, que se presenten, armen una lista para las elecciones y que el pueblo las elija\u2026 esa es la mejor manera, y una vez que la eligen, como diputada provincial se tiene que poner a trabajar, porque para eso te eligen, no para hacer llamados telef\u00f3nicos para que se suspenda una u otra actividad. La gente de Necochea tiene que saber que hay situaciones que parece que a los que tienen v\u00ednculos los usan para que las cosas no salgan, pero me cuesta creer que sea verdad\u201d.<\/p>\n<p>Antes que ello, el edil hab\u00eda declarado en el mismo reportaje ante ciertos comentarios virales que \u201ca veces en las redes no todos dicen la verdad, hay mucha gente que mientey lo hace para crear confusi\u00f3n. La realidad es que el Concejo Deliberante no tiene que aprobar el expediente porque Villa D\u00edaz V\u00e9lez es una instituci\u00f3n privada que alquila la cancha a una organizaci\u00f3n tambi\u00e9n privada que organiza la Bresh, pero nos metimos en el tema porque fueron los organizadores y vimos el expediente\u201d.<\/p>\n<p>Agreg\u00f3 a ello algo similar a lo que marc\u00f3 d\u00edas atr\u00e1s el secretario de Gobierno, Jorge Mart\u00ednez, que la documentaci\u00f3n estaba totalmente apta para el desarrollo del evento. \u201cEl asesoramiento de bomberos fue presentado el 2 de febrero; la nota a Guardaparques fue presentada el 25 de enero; el seguro el 1\u00ba de febrero; Cruz Roja los primeros d\u00edas de febrero y hubo una nota presentada donde se solicit\u00f3 el servicio de la Polic\u00eda de la Provincia de Buenos Aires, y ayer confirmaron que habr\u00e1 70 efectivos policiales, m\u00e1s dos camiones de bomberos\u201d.<\/p>\n<p>As\u00ed las cosas, S\u00e1nchez se\u00f1al\u00f3 que \u201chay que informar bien, no sirve de nada mentir, los expedientes hablan por s\u00ed solos y lo \u00fanico que hacen cuando hablan es crear confusi\u00f3n, con el famoso \u201cmiente miente que algo quedar\u00e1\u201d.<\/p>\n<p>Finalmente, el presidente del HCD se refiri\u00f3 al permiso de Villa D\u00edaz V\u00e9lez al apuntar que \u201chay un informe del \u00c1rea de Legales que permite al club la realizaci\u00f3n de eventos sociales como este, y hablando como abogado, todo lo que no est\u00e1 prohibido expresamente en un contrato, est\u00e1 permitido, y esto lo dice el C\u00f3digo Civil y la legislaci\u00f3n de la que seguramente no tiene ning\u00fan tipo de conocimiento quien se expres\u00f3 en su muro de Facebook\u201d.<\/p>\n","protected":false},"excerpt":{"rendered":"<p>\u201cQu\u00e9 alguna vez haga algo por la ciudad\u201d, y \u201cen lugar de dedicarse a los pajaritos y a los tucu tucu, se tiene que poner a trabajar\u201d, son las frases que verti\u00f3 el presidente del Concejo Deliberante en referencia primero a la diputada provincial Natalia S\u00e1nchez J\u00e1uregui; y luego a la directora de Hidr\u00e1ulica y [&hellip;]<\/p>\n","protected":false},"author":3,"featured_media":93102,"comment_status":"closed","ping_status":"closed","sticky":false,"template":"","format":"standard","meta":{"footnotes":""},"categories":[3],"tags":[],"class_list":["post-97817","post","type-post","status-publish","format-standard","has-post-thumbnail","category-masnoticias"],"_links":{"self":[{"href":"https:\/\/primicias2262.com\/noticias\/wp-json\/wp\/v2\/posts\/97817","targetHints":{"allow":["GET"]}}],"collection":[{"href":"https:\/\/primicias2262.com\/noticias\/wp-json\/wp\/v2\/posts"}],"about":[{"href":"https:\/\/primicias2262.com\/noticias\/wp-json\/wp\/v2\/types\/post"}],"author":[{"embeddable":true,"href":"https:\/\/primicias2262.com\/noticias\/wp-json\/wp\/v2\/users\/3"}],"replies":[{"embeddable":true,"href":"https:\/\/primicias2262.com\/noticias\/wp-json\/wp\/v2\/comments?post=97817"}],"version-history":[{"count":0,"href":"https:\/\/primicias2262.com\/noticias\/wp-json\/wp\/v2\/posts\/97817\/revisions"}],"wp:attachment":[{"href":"https:\/\/primicias2262.com\/noticias\/wp-json\/wp\/v2\/media?parent=97817"}],"wp:term":[{"taxonomy":"category","embeddable":true,"href":"https:\/\/primicias2262.com\/noticias\/wp-json\/wp\/v2\/categories?post=97817"},{"taxonomy":"post_tag","embeddable":true,"href":"https:\/\/primicias2262.com\/noticias\/wp-json\/wp\/v2\/tags?post=97817"}],"curies":[{"name":"wp","href":"https:\/\/api.w.org\/{rel}","templated":true}]}}