{"id":97821,"date":"2023-02-23T14:44:45","date_gmt":"2023-02-23T17:44:45","guid":{"rendered":"https:\/\/primicias2262.com\/?p=97821"},"modified":"2023-02-23T14:44:45","modified_gmt":"2023-02-23T17:44:45","slug":"lescano-afirmo-somos-el-unico-espacio-de-la-oposicion-local-que-viene-construyendo-obra-publica","status":"publish","type":"post","link":"https:\/\/primicias2262.com\/noticias\/lescano-afirmo-somos-el-unico-espacio-de-la-oposicion-local-que-viene-construyendo-obra-publica\/","title":{"rendered":"Lescano\u00a0 afirm\u00f3: \u201cSomos el \u00fanico espacio de la oposici\u00f3n local que viene construyendo obra p\u00fablica\u201d"},"content":{"rendered":"<p><strong>El referente del Movimiento Evita y concejal mandato cumplido, Luciano Lescano, volvi\u00f3 a ratificar su pre candidatura como intendente dentro del Frente de Todos y resalt\u00f3 las gestiones del movimiento para las obras de la Feria Cuatro Estaciones y el Barrio Los \u00c1lamos.<\/strong><\/p>\n<p>En los estudios de \u201cVoces de la Ciudad\u201d, el dirigente peronista dialog\u00f3 en una nota realizada por el periodista Jorge G\u00f3mez, donde antes que nada ratific\u00f3: \u201cSoy pre candidato a intendente dentro del espacio del el Frente de Todos y la idea es expresar a un sector de la pol\u00edtica que no tiene una expresi\u00f3n clara en el Concejo Deliberante\u201d.<\/p>\n<p>Luego apunt\u00f3 que est\u00e1n construyendo una herramienta electoral, e iniciaron una campa\u00f1a de afiliaci\u00f3n en calle 67 N\u00ba 2538, y este viernes se presentar\u00e1 el partido pol\u00edtico \u201cLa Patria de los Comunes\u201d en el Estadio Pedro Bidegain de San Lorenzo de Almagro, del Movimiento Evita, el cual es liderado por Emilio P\u00e9rsico a nivel nacional.<\/p>\n<p>\u201cEs un partido donde confluyen diferentes corrientes de espacios de movimientos sociales y populares, y un instrumento para presentarnos a elecciones\u201d, se\u00f1al\u00f3 Lescano, y argument\u00f3 que \u201cel objetivo de este espacio es tener voz propia y una herramienta en el caso de que no se pueda llegar a un acuerdo con espacios del Frente de Todos. Siendo la organizaci\u00f3n con m\u00e1s peso pol\u00edtico del pa\u00eds, el Movimiento Evita no ten\u00eda un partido pol\u00edtico y era un reclamo que las bases ven\u00edamos realizando desde 2013\u201d.<\/p>\n<p><a href=\"https:\/\/primicias2262.com\/wp-content\/uploads\/2023\/02\/luciano-lescano2.jpeg\"><img loading=\"lazy\" decoding=\"async\" class=\"aligncenter size-full wp-image-97850\" src=\"https:\/\/primicias2262.com\/wp-content\/uploads\/2023\/02\/luciano-lescano2.jpeg\" alt=\"\" width=\"1024\" height=\"768\" \/><\/a>\u201cEsto sirve para tener un instrumento legal a la hora de presentarnos y poder representar a otros sectores que muchas veces quedan por afuera de los armados de lista, nos ha pasado a nivel local por no tener un partido pol\u00edtico y una herramienta legal\u201d, agreg\u00f3.<\/p>\n<p>Fue en ese contexto que Lescano afirm\u00f3 que \u201csomos un espacio de la oposici\u00f3n local que a diferencia de otros espacios pol\u00edticos venimos construyendo obra p\u00fablica y no veo que haya otro espacio que lo est\u00e9 haciendo. Por ejemplo la reinauguraci\u00f3n (para este viernes) de la Feria Cuatro Estaciones y la obra de urbanizaci\u00f3n en el Barrio Los \u00c1lamos por 88 millones de pesos a trav\u00e9s de la Secretar\u00eda de Integraci\u00f3n Socio Urbana de la Naci\u00f3n\u201d.<\/p>\n<p>Valor\u00f3 seguidamente que \u201ca nivel local tenemos una mesa pol\u00edtica en el Movimiento Evita donde tomamos las decisiones, bastante at\u00edpico para el peronismo que es mucho m\u00e1s verticalista, pero nosotros tenemos una conducci\u00f3n con Roc\u00edo Mateo que representa a la mujer, y en todo el pa\u00eds el Movimiento Evita tiene una conducci\u00f3n por binomios, un hombre y una mujer\u201d.<\/p>\n<p>Finalmente, remarc\u00f3 que \u201cla pol\u00edtica muchas veces nos ve a nosotros como dirigentes territoriales o sociales, nos bajan el precio, pero no es el caso del Movimiento Evita a nivel local porque justamente tuvimos participaci\u00f3n en el Concejo o Consejo Escolar, pero en otros lugares no ha sido as\u00ed el camino, sino que todo lo contrario, y nosotros buscamos construir un partido propio que exprese aquello que no est\u00e1 expresado en el Frente de Todos y a esos sectores que est\u00e1n desilusionados y creen que no todo tiene que estar conducido por un sector pol\u00edtico, sino que puede haber alternativas\u201d.<\/p>\n","protected":false},"excerpt":{"rendered":"<p>El referente del Movimiento Evita y concejal mandato cumplido, Luciano Lescano, volvi\u00f3 a ratificar su pre candidatura como intendente dentro del Frente de Todos y resalt\u00f3 las gestiones del movimiento para las obras de la Feria Cuatro Estaciones y el Barrio Los \u00c1lamos. En los estudios de \u201cVoces de la Ciudad\u201d, el dirigente peronista dialog\u00f3 [&hellip;]<\/p>\n","protected":false},"author":3,"featured_media":72237,"comment_status":"closed","ping_status":"closed","sticky":false,"template":"","format":"standard","meta":{"footnotes":""},"categories":[3],"tags":[],"class_list":["post-97821","post","type-post","status-publish","format-standard","has-post-thumbnail","category-masnoticias"],"_links":{"self":[{"href":"https:\/\/primicias2262.com\/noticias\/wp-json\/wp\/v2\/posts\/97821","targetHints":{"allow":["GET"]}}],"collection":[{"href":"https:\/\/primicias2262.com\/noticias\/wp-json\/wp\/v2\/posts"}],"about":[{"href":"https:\/\/primicias2262.com\/noticias\/wp-json\/wp\/v2\/types\/post"}],"author":[{"embeddable":true,"href":"https:\/\/primicias2262.com\/noticias\/wp-json\/wp\/v2\/users\/3"}],"replies":[{"embeddable":true,"href":"https:\/\/primicias2262.com\/noticias\/wp-json\/wp\/v2\/comments?post=97821"}],"version-history":[{"count":0,"href":"https:\/\/primicias2262.com\/noticias\/wp-json\/wp\/v2\/posts\/97821\/revisions"}],"wp:attachment":[{"href":"https:\/\/primicias2262.com\/noticias\/wp-json\/wp\/v2\/media?parent=97821"}],"wp:term":[{"taxonomy":"category","embeddable":true,"href":"https:\/\/primicias2262.com\/noticias\/wp-json\/wp\/v2\/categories?post=97821"},{"taxonomy":"post_tag","embeddable":true,"href":"https:\/\/primicias2262.com\/noticias\/wp-json\/wp\/v2\/tags?post=97821"}],"curies":[{"name":"wp","href":"https:\/\/api.w.org\/{rel}","templated":true}]}}