{"id":97830,"date":"2023-02-23T14:50:39","date_gmt":"2023-02-23T17:50:39","guid":{"rendered":"https:\/\/primicias2262.com\/?p=97830"},"modified":"2023-02-23T14:50:39","modified_gmt":"2023-02-23T17:50:39","slug":"este-fin-de-semana-sera-la-46o-fiesta-provincial-del-girasol-en-ramon-santamarina","status":"publish","type":"post","link":"https:\/\/primicias2262.com\/noticias\/este-fin-de-semana-sera-la-46o-fiesta-provincial-del-girasol-en-ramon-santamarina\/","title":{"rendered":"Este fin de semana ser\u00e1 la 46\u00ba Fiesta Provincial del Girasol en Ram\u00f3n Santamarina"},"content":{"rendered":"<p><strong>Desde la localidad de Ramon Santamarina, y hasta buena parte de la Regi\u00f3n e incluso la Provincia, ya se palpita para el pr\u00f3ximo fin de semana la 46\u00ba edici\u00f3n de la Fiesta provincial del Girasol, que en cada cierre del mes de febrero atrae a miles y miles de locales y turistas que llegan de todas partes dada la calidad de la misma ya que se encuentra en total expansi\u00f3n.<\/strong><\/p>\n<p>Para este a\u00f1o en particular, y con la organizaci\u00f3n de la Delegaci\u00f3n a cargo de Hugo Haag y la Asociaci\u00f3n Civil \u201cEntre Retamas y Girasoles\u201d, se anuncia una vez m\u00e1s la presencia del intendente Arturo Rojas en el acto y desfile protocolares, que ser\u00e1n este s\u00e1bado 25 a partir de las 16 en la plaza del pueblo, exactamente en calles 11 y 8.<\/p>\n<div class=\"wp-block-media-text is-stacked-on-mobile\">\n<div class=\"wp-block-media-text__content\">\n<p>Para dar detalles de este encuentro festivo que culminar\u00e1 el domingo por la noche, el mencionado Haag admiti\u00f3 que \u201cla verdad es que ya hay un entusiasmo muy grande por parte de la gente, hay mucha expectativa\u201d para acotar que \u201cel acto protocolar y el desfile lo \u00edbamos a hacer a las 18 por el calor pero finalmente decidimos adelantarlo y hacerlo a las 16\u201d.<\/p>\n<p><a href=\"https:\/\/primicias2262.com\/wp-content\/uploads\/2023\/02\/PLACA-fiesta-girasol.jpg\"><img loading=\"lazy\" decoding=\"async\" class=\"aligncenter size-full wp-image-97831\" src=\"https:\/\/primicias2262.com\/wp-content\/uploads\/2023\/02\/PLACA-fiesta-girasol.jpg\" alt=\"\" width=\"1600\" height=\"1600\" \/><\/a>Con respecto al desfile, quiz\u00e1 uno de los momentos que m\u00e1s aglomera p\u00fablico al un\u00edsono, puso de relieve el funcionario que \u201chay much\u00edsimas agrupaciones anotadas, varias de ellas que vendr\u00e1n de muy lejos, adem\u00e1s de alrededor de 40 soberanas de diversos puntos del pa\u00eds que estar\u00e1n representado a sus pueblos\u201d.<\/p>\n<\/div>\n<\/div>\n<p>En el cierre, el propio delegado expres\u00f3 a modo de adelanto que \u201ceste a\u00f1o volcaremos la fiesta en la plaza que estar\u00e1 completamente iluminada, donde estar\u00e1 el escenario, con los n\u00fameros art\u00edsticos de folclore y danzas, y los puestos gastron\u00f3micos\u201d.<\/p>\n","protected":false},"excerpt":{"rendered":"<p>Desde la localidad de Ramon Santamarina, y hasta buena parte de la Regi\u00f3n e incluso la Provincia, ya se palpita para el pr\u00f3ximo fin de semana la 46\u00ba edici\u00f3n de la Fiesta provincial del Girasol, que en cada cierre del mes de febrero atrae a miles y miles de locales y turistas que llegan de [&hellip;]<\/p>\n","protected":false},"author":3,"featured_media":87456,"comment_status":"closed","ping_status":"closed","sticky":false,"template":"","format":"standard","meta":{"footnotes":""},"categories":[3],"tags":[],"class_list":["post-97830","post","type-post","status-publish","format-standard","has-post-thumbnail","category-masnoticias"],"_links":{"self":[{"href":"https:\/\/primicias2262.com\/noticias\/wp-json\/wp\/v2\/posts\/97830","targetHints":{"allow":["GET"]}}],"collection":[{"href":"https:\/\/primicias2262.com\/noticias\/wp-json\/wp\/v2\/posts"}],"about":[{"href":"https:\/\/primicias2262.com\/noticias\/wp-json\/wp\/v2\/types\/post"}],"author":[{"embeddable":true,"href":"https:\/\/primicias2262.com\/noticias\/wp-json\/wp\/v2\/users\/3"}],"replies":[{"embeddable":true,"href":"https:\/\/primicias2262.com\/noticias\/wp-json\/wp\/v2\/comments?post=97830"}],"version-history":[{"count":0,"href":"https:\/\/primicias2262.com\/noticias\/wp-json\/wp\/v2\/posts\/97830\/revisions"}],"wp:attachment":[{"href":"https:\/\/primicias2262.com\/noticias\/wp-json\/wp\/v2\/media?parent=97830"}],"wp:term":[{"taxonomy":"category","embeddable":true,"href":"https:\/\/primicias2262.com\/noticias\/wp-json\/wp\/v2\/categories?post=97830"},{"taxonomy":"post_tag","embeddable":true,"href":"https:\/\/primicias2262.com\/noticias\/wp-json\/wp\/v2\/tags?post=97830"}],"curies":[{"name":"wp","href":"https:\/\/api.w.org\/{rel}","templated":true}]}}