{"id":97847,"date":"2023-02-27T12:10:35","date_gmt":"2023-02-27T15:10:35","guid":{"rendered":"https:\/\/primicias2262.com\/?p=97847"},"modified":"2023-02-27T12:10:35","modified_gmt":"2023-02-27T15:10:35","slug":"el-servicio-de-guardavidas-modifica-su-horario-a-partir-de-este-miercoles-1o-de-marzo","status":"publish","type":"post","link":"https:\/\/primicias2262.com\/noticias\/el-servicio-de-guardavidas-modifica-su-horario-a-partir-de-este-miercoles-1o-de-marzo\/","title":{"rendered":"El servicio de Guardavidas modifica su horario a partir de este mi\u00e9rcoles 1\u00ba de marzo"},"content":{"rendered":"<p><strong>La cobertura se ir\u00e1 acotando de cara al final de la temporada estival, con diferentes guardias seg\u00fan el punto. En las playas del centro de Necochea y Quequ\u00e9n se brindar\u00e1 la prestaci\u00f3n entre las 9 y las 20 hasta el mi\u00e9rcoles 15. Desde el 16 y hasta el 31 la asistencia se acotar\u00e1 media hora.<\/strong><\/p>\n<p>La Secretar\u00eda de Gobierno municipal inform\u00f3 los nuevos horarios de la cobertura de Guardavidas para el inminente mes de marzo, el \u00faltimo de la temporada estival, cuando la prestaci\u00f3n se ir\u00e1 reduciendo gradualmente como suele ocurrir cada verano.<\/p>\n<p>En las playas de Necochea y Quequ\u00e9n, tanto para los servicios p\u00fablicos como privados, desde el 1\u00ba de marzo y hasta el 15, inclusive, los rescatistas estar\u00e1n activos todos los d\u00edas entre las 9 y las 20; mientras que a partir del 16 y hasta el 31 del mes la asistencia en la costa se acotar\u00e1 media hora, concluyendo el servicio a las 19:30.<\/p>\n<p>En el caso de los puntos con cobertura alejados de las villas balnearias el sistema ir\u00e1 difiriendo de acuerdo a la demanda tradicional: en Costa Bonita el horario ser\u00e1 de 11 a 17, entre el 1\u00ba y el 15 de marzo; en el paraje Las Cascadas de 11 a 18, desde el 1\u00ba y hasta el 31; y en Puente Blanco habr\u00e1 dos servicios diferentes, uno los lunes y martes de 11 a 17, y otro de mi\u00e9rcoles a domingos, cuando el horario se extender\u00e1 de 9 a 19, tambi\u00e9n durante todo el mes.<\/p>\n<p>Adem\u00e1s, desde la dependencia que nuclea a las jefaturas de Playa y de Guardavidas comunicaron que la cobertura llegar\u00e1 a su fin cuando comience el tercer mes del a\u00f1o en los siguientes puestos: Balnearios Los \u00c1ngeles, las tres bajadas para 4\u00d74 en el sector del viejo molino, Espig\u00f3n (Muelle de Los Pescadores), Los Cisnes, Calle 67, Calle 71 y Puente Dardo Rocha, en el R\u00edo Quequ\u00e9n.<\/p>\n","protected":false},"excerpt":{"rendered":"<p>La cobertura se ir\u00e1 acotando de cara al final de la temporada estival, con diferentes guardias seg\u00fan el punto. En las playas del centro de Necochea y Quequ\u00e9n se brindar\u00e1 la prestaci\u00f3n entre las 9 y las 20 hasta el mi\u00e9rcoles 15. Desde el 16 y hasta el 31 la asistencia se acotar\u00e1 media hora. [&hellip;]<\/p>\n","protected":false},"author":3,"featured_media":85833,"comment_status":"closed","ping_status":"closed","sticky":false,"template":"","format":"standard","meta":{"footnotes":""},"categories":[3],"tags":[],"class_list":["post-97847","post","type-post","status-publish","format-standard","has-post-thumbnail","category-masnoticias"],"_links":{"self":[{"href":"https:\/\/primicias2262.com\/noticias\/wp-json\/wp\/v2\/posts\/97847","targetHints":{"allow":["GET"]}}],"collection":[{"href":"https:\/\/primicias2262.com\/noticias\/wp-json\/wp\/v2\/posts"}],"about":[{"href":"https:\/\/primicias2262.com\/noticias\/wp-json\/wp\/v2\/types\/post"}],"author":[{"embeddable":true,"href":"https:\/\/primicias2262.com\/noticias\/wp-json\/wp\/v2\/users\/3"}],"replies":[{"embeddable":true,"href":"https:\/\/primicias2262.com\/noticias\/wp-json\/wp\/v2\/comments?post=97847"}],"version-history":[{"count":0,"href":"https:\/\/primicias2262.com\/noticias\/wp-json\/wp\/v2\/posts\/97847\/revisions"}],"wp:attachment":[{"href":"https:\/\/primicias2262.com\/noticias\/wp-json\/wp\/v2\/media?parent=97847"}],"wp:term":[{"taxonomy":"category","embeddable":true,"href":"https:\/\/primicias2262.com\/noticias\/wp-json\/wp\/v2\/categories?post=97847"},{"taxonomy":"post_tag","embeddable":true,"href":"https:\/\/primicias2262.com\/noticias\/wp-json\/wp\/v2\/tags?post=97847"}],"curies":[{"name":"wp","href":"https:\/\/api.w.org\/{rel}","templated":true}]}}