{"id":97862,"date":"2023-02-27T11:44:01","date_gmt":"2023-02-27T14:44:01","guid":{"rendered":"https:\/\/primicias2262.com\/?p=97862"},"modified":"2023-02-27T11:44:01","modified_gmt":"2023-02-27T14:44:01","slug":"se-viene-el-ciclo-lectivo-y-el-consejo-escolar-informo-sobre-las-condiciones-de-las-escuelas","status":"publish","type":"post","link":"https:\/\/primicias2262.com\/noticias\/se-viene-el-ciclo-lectivo-y-el-consejo-escolar-informo-sobre-las-condiciones-de-las-escuelas\/","title":{"rendered":"Se viene el ciclo lectivo y el Consejo Escolar inform\u00f3 sobre las condiciones de las escuelas"},"content":{"rendered":"<p><strong>La presidenta del Consejo Escolar, Silvina Jensen, visit\u00f3 los estudios de \u201cVoces de la Ciudad\u201d y en una nota realizada por el periodista Jorge G\u00f3mez asegur\u00f3 que, salvo detalles que hacen a la excepci\u00f3n, la mayor\u00eda de las escuelas est\u00e1n en condiciones para recibir a los alumnos y comenzar las clases.<\/strong><\/p>\n<p>\u201cLa mayor\u00eda de las escuelas est\u00e1n en condiciones, y despu\u00e9s tenemos otras que est\u00e1n con obras o por iniciar obras, y lo que nos pas\u00f3 con esta lluvia importante de la semana anterior es que algunos techos explotaron con algunas filtraciones, pero para el 1\u00ba de marzo est\u00e1n casi todas las escuelas en condiciones\u201d, expres\u00f3 al inicio de la nota.<\/p>\n<p>Acerca de las contadas excepciones, Silvina se\u00f1al\u00f3 que \u201ctenemos algunas obras en curso, por ejemplo las T\u00e9cnicas N\u00ba 1 y 2 est\u00e1n con obras hasta los primeros d\u00edas de abril pero no dificulta el inicio de las clases; la Media N\u00ba 5 est\u00e1 por culminarse el tema de los dos salones y ya se hizo el anticipo de fondos para obras importantes en las Primarias N\u00ba 5 y 42 de La Dulce, pero no ser\u00e1n obras que afecten la actividad lectiva porque se trabaja sobre cubiertas superiores\u201d.<\/p>\n<p>A pesar del buen panorama de las instituciones de cara al ciclo 2023, Jensen se\u00f1al\u00f3 que \u201cnos cuesta mucho trabajar en las escuelas en enero, la realidad es que las partidas de dinero tampoco entraron pronto este a\u00f1o para iniciar y no siempre se da la apertura temprana de las escuelas, y por eso hay varios techos que vamos a tener que pedir obra\u201d.<\/p>\n<p>Asimismo, se refiri\u00f3 a la Escuela Primaria N\u00ba 1, al expresar que \u201chabr\u00e1 que reorganizar la actividad interna porque se trabajar\u00e1 sobre los salones que no se trabaj\u00f3 el a\u00f1o pasado y habr\u00e1 que ir coordinando los espacios en conjunto con la escuela\u201d.<\/p>\n<p>Luego, la presidenta del Consejo se refiri\u00f3 a un tema importante como es el transporte escolar: \u201cTodo lo que estaba vigente de 2022 que no sufri\u00f3 cambio licitatorio tendr\u00e1 continuidad autom\u00e1tica\u201d, anticip\u00f3, para informar luego la forma en que los alumnos pueden acceder al servicio: \u201cLa persona tiene que acercarse a su escuela que le va a dar la documentaci\u00f3n, de ah\u00ed se hace firmar en la Jefatura Distrital y va al Consejo Escolar, que ingresa la documentaci\u00f3n a log\u00edstica del Transporte de Provincia, que es la que en \u00faltima instancia dice si le corresponde o no a tal alumno el transporte escolar. El tr\u00e1mite se hace s\u00ed o s\u00ed a trav\u00e9s de la escuela\u201d.<\/p>\n<p>Finalmente, Silvina Jensen adelant\u00f3 que el acto oficial de inicio de ciclo lectivo ser\u00e1 el mi\u00e9rcoles 1\u00ba de marzo a las 8 en el anexo 801, en la zona de la Barraca Marmetto en Barrio Norte, que a partir de marzo pasar\u00e1 a ser el CEC N\u00ba 802.<\/p>\n","protected":false},"excerpt":{"rendered":"<p>La presidenta del Consejo Escolar, Silvina Jensen, visit\u00f3 los estudios de \u201cVoces de la Ciudad\u201d y en una nota realizada por el periodista Jorge G\u00f3mez asegur\u00f3 que, salvo detalles que hacen a la excepci\u00f3n, la mayor\u00eda de las escuelas est\u00e1n en condiciones para recibir a los alumnos y comenzar las clases. \u201cLa mayor\u00eda de las [&hellip;]<\/p>\n","protected":false},"author":3,"featured_media":97884,"comment_status":"closed","ping_status":"closed","sticky":false,"template":"","format":"standard","meta":{"footnotes":""},"categories":[3],"tags":[],"class_list":["post-97862","post","type-post","status-publish","format-standard","has-post-thumbnail","category-masnoticias"],"_links":{"self":[{"href":"https:\/\/primicias2262.com\/noticias\/wp-json\/wp\/v2\/posts\/97862","targetHints":{"allow":["GET"]}}],"collection":[{"href":"https:\/\/primicias2262.com\/noticias\/wp-json\/wp\/v2\/posts"}],"about":[{"href":"https:\/\/primicias2262.com\/noticias\/wp-json\/wp\/v2\/types\/post"}],"author":[{"embeddable":true,"href":"https:\/\/primicias2262.com\/noticias\/wp-json\/wp\/v2\/users\/3"}],"replies":[{"embeddable":true,"href":"https:\/\/primicias2262.com\/noticias\/wp-json\/wp\/v2\/comments?post=97862"}],"version-history":[{"count":0,"href":"https:\/\/primicias2262.com\/noticias\/wp-json\/wp\/v2\/posts\/97862\/revisions"}],"wp:attachment":[{"href":"https:\/\/primicias2262.com\/noticias\/wp-json\/wp\/v2\/media?parent=97862"}],"wp:term":[{"taxonomy":"category","embeddable":true,"href":"https:\/\/primicias2262.com\/noticias\/wp-json\/wp\/v2\/categories?post=97862"},{"taxonomy":"post_tag","embeddable":true,"href":"https:\/\/primicias2262.com\/noticias\/wp-json\/wp\/v2\/tags?post=97862"}],"curies":[{"name":"wp","href":"https:\/\/api.w.org\/{rel}","templated":true}]}}