{"id":97864,"date":"2023-02-24T12:27:58","date_gmt":"2023-02-24T15:27:58","guid":{"rendered":"https:\/\/primicias2262.com\/?p=97864"},"modified":"2023-02-24T12:27:58","modified_gmt":"2023-02-24T15:27:58","slug":"transporte-de-nacion-brindara-fondos-para-la-remodelacion-estructural-de-la-terminal","status":"publish","type":"post","link":"https:\/\/primicias2262.com\/noticias\/transporte-de-nacion-brindara-fondos-para-la-remodelacion-estructural-de-la-terminal\/","title":{"rendered":"Transporte de Naci\u00f3n brindar\u00e1 fondos para la remodelaci\u00f3n estructural de la Terminal"},"content":{"rendered":"<p><strong>As\u00ed lo dej\u00f3 entrever el subsecretario de Obras P\u00fablicas de la comuna, Lisandro Dones, tras una reuni\u00f3n que mantuvo junto al titular de dicha \u00e1rea, Adri\u00e1n Furno, durante una visita al Ministerio de Transporte de Naci\u00f3n, donde fueron recibidos por la necochense Jimena L\u00f3pez, secretaria de Gesti\u00f3n de Transporte de dicho Ministerio, y equipos t\u00e9cnicos.<\/strong><\/p>\n<p>Durante una nota realizada por el periodista Jorge Gomez en el programa \u201cVoces de la Ciudad\u201d, Dones confirm\u00f3 que el viernes anterior estuvieron en el Ministerio con Furno para avanzar en el tema de la Terminal y revel\u00f3 que el proyecto se trabajar\u00e1 de forma similar al de la Playa de Camiones de Quequ\u00e9n.<\/p>\n<p>\u201cLas gestiones de Arturo (Rojas) son constantes y va generando una din\u00e1mica con distintas autoridades para ir reactivando obras nuevas y otras que han quedado en el tintero de hace muchos a\u00f1os\u201d, contextualiz\u00f3 el funcionario, para contar que \u201cel viernes nos recibieron en el Ministerio de Transporte con Jimena L\u00f3pez a la cabeza, quien nos recibi\u00f3 muy bien con todo un equipo t\u00e9cnico del Ministerio que nosotros ya conoc\u00edamos por haber estado trabajando con los ingenieros y profesionales que nos asisti\u00f3 en el progreso del proyecto de licitaci\u00f3n de la Playa de Camiones\u201d.<\/p>\n<p>Seguidamente, Dones revel\u00f3 que \u201ctratamos el tema de una inversi\u00f3n muy importante para la Terminal de \u00d3mnibus, y la idea es una asistencia financiera al igual que se hizo con la Playa de Camiones para una mejora importante y una transformaci\u00f3n estructural que ser\u00eda por ahora en una sola etapa de una sola inversi\u00f3n para la remodelaci\u00f3n pr\u00e1cticamente a nuevo del edificio existente, dejando para una pr\u00f3xima etapa que puede ser el a\u00f1o que viene o el otro la ampliaci\u00f3n de la Terminal\u201d.<\/p>\n<p>Por ende, en esta etapa \u201cse realizar\u00e1 un proyecto que nosotros ya tenemos y ahora empezamos a trabajar con el equipo t\u00e9cnico del Ministerio de Transporte de Naci\u00f3n en un proyecto muy importante para la Terminal de \u00d3mnibus\u201d, sintetiz\u00f3 Lisandro, para culminar a\u00fan sin hablar de cifras que \u201cestamos avanzando mucho y esta din\u00e1mica de comunicaci\u00f3n con los equipos del Ministerio se hace muy fluida, somos muy bien recibidos y eso se debe a la gran gesti\u00f3n que est\u00e1 haciendo Arturo en los distintos organismos\u201d.<\/p>\n","protected":false},"excerpt":{"rendered":"<p>As\u00ed lo dej\u00f3 entrever el subsecretario de Obras P\u00fablicas de la comuna, Lisandro Dones, tras una reuni\u00f3n que mantuvo junto al titular de dicha \u00e1rea, Adri\u00e1n Furno, durante una visita al Ministerio de Transporte de Naci\u00f3n, donde fueron recibidos por la necochense Jimena L\u00f3pez, secretaria de Gesti\u00f3n de Transporte de dicho Ministerio, y equipos t\u00e9cnicos. [&hellip;]<\/p>\n","protected":false},"author":3,"featured_media":74212,"comment_status":"closed","ping_status":"closed","sticky":false,"template":"","format":"standard","meta":{"footnotes":""},"categories":[3],"tags":[],"class_list":["post-97864","post","type-post","status-publish","format-standard","has-post-thumbnail","category-masnoticias"],"_links":{"self":[{"href":"https:\/\/primicias2262.com\/noticias\/wp-json\/wp\/v2\/posts\/97864","targetHints":{"allow":["GET"]}}],"collection":[{"href":"https:\/\/primicias2262.com\/noticias\/wp-json\/wp\/v2\/posts"}],"about":[{"href":"https:\/\/primicias2262.com\/noticias\/wp-json\/wp\/v2\/types\/post"}],"author":[{"embeddable":true,"href":"https:\/\/primicias2262.com\/noticias\/wp-json\/wp\/v2\/users\/3"}],"replies":[{"embeddable":true,"href":"https:\/\/primicias2262.com\/noticias\/wp-json\/wp\/v2\/comments?post=97864"}],"version-history":[{"count":0,"href":"https:\/\/primicias2262.com\/noticias\/wp-json\/wp\/v2\/posts\/97864\/revisions"}],"wp:attachment":[{"href":"https:\/\/primicias2262.com\/noticias\/wp-json\/wp\/v2\/media?parent=97864"}],"wp:term":[{"taxonomy":"category","embeddable":true,"href":"https:\/\/primicias2262.com\/noticias\/wp-json\/wp\/v2\/categories?post=97864"},{"taxonomy":"post_tag","embeddable":true,"href":"https:\/\/primicias2262.com\/noticias\/wp-json\/wp\/v2\/tags?post=97864"}],"curies":[{"name":"wp","href":"https:\/\/api.w.org\/{rel}","templated":true}]}}