{"id":97866,"date":"2023-02-24T12:29:41","date_gmt":"2023-02-24T15:29:41","guid":{"rendered":"https:\/\/primicias2262.com\/?p=97866"},"modified":"2023-02-24T12:29:41","modified_gmt":"2023-02-24T15:29:41","slug":"cabreton-desde-la-ucr-necesitamos-tener-un-precandidato-a-presidente-que-nos-represente","status":"publish","type":"post","link":"https:\/\/primicias2262.com\/noticias\/cabreton-desde-la-ucr-necesitamos-tener-un-precandidato-a-presidente-que-nos-represente\/","title":{"rendered":"Cabret\u00f3n: \u201cDesde la UCR necesitamos tener un precandidato a presidente que nos represente\u201d"},"content":{"rendered":"<p><strong>La concejala de la UCR Necochea, Felicitas Cabret\u00f3n, particip\u00f3 de la mesa principal del encuentro de la Corriente de Opini\u00f3n Nacional (CON), la cual fue encabezada por Federico Storani y Gerardo Morales.<\/strong><\/p>\n<p>La dirigente de nuestra ciudad, enrolada en la Agrupaci\u00f3n Elvira Rawson, sostuvo que \u00abcreo que hoy tenemos la responsabilidad de transmitir a los y las argentinas que somos capaces de liderar un proyecto colectivo\u00bb, por lo que asegur\u00f3 que \u00abdesde la UCR necesitamos tener un precandidato a presidente que nos represente\u00bb.<\/p>\n<p>En tal sentido, apunt\u00f3 que para lograrlo \u00abnecesitamos un radicalismo con la firmeza de sus convicciones para que vuelva a ser confiable para nuestra sociedad\u00bb.<\/p>\n<p>\u00abEl radicalismo debe recuperar el vigor para liderar y representar lo que est\u00e1 pasando a nivel social\u00bb, entendi\u00f3 Cabret\u00f3n, para a\u00f1adir que \u00ablas mujeres debemos liderar y para eso debemos hacerlo como corresponde\u00bb.<\/p>\n<p>Cabret\u00f3n estuvo acompa\u00f1ada por parte del grupo Elvira Rawson de nuestro Distrito.<\/p>\n<p>Cabe se\u00f1alar que este encuentro de la CON tambi\u00e9n signific\u00f3 un apoyo expl\u00edcito a la posible precandidatura a presidente de Gerardo Morales dentro de la interna de Juntos.<\/p>\n","protected":false},"excerpt":{"rendered":"<p>La concejala de la UCR Necochea, Felicitas Cabret\u00f3n, particip\u00f3 de la mesa principal del encuentro de la Corriente de Opini\u00f3n Nacional (CON), la cual fue encabezada por Federico Storani y Gerardo Morales. La dirigente de nuestra ciudad, enrolada en la Agrupaci\u00f3n Elvira Rawson, sostuvo que \u00abcreo que hoy tenemos la responsabilidad de transmitir a los [&hellip;]<\/p>\n","protected":false},"author":3,"featured_media":97867,"comment_status":"closed","ping_status":"closed","sticky":false,"template":"","format":"standard","meta":{"footnotes":""},"categories":[3],"tags":[],"class_list":["post-97866","post","type-post","status-publish","format-standard","has-post-thumbnail","category-masnoticias"],"_links":{"self":[{"href":"https:\/\/primicias2262.com\/noticias\/wp-json\/wp\/v2\/posts\/97866","targetHints":{"allow":["GET"]}}],"collection":[{"href":"https:\/\/primicias2262.com\/noticias\/wp-json\/wp\/v2\/posts"}],"about":[{"href":"https:\/\/primicias2262.com\/noticias\/wp-json\/wp\/v2\/types\/post"}],"author":[{"embeddable":true,"href":"https:\/\/primicias2262.com\/noticias\/wp-json\/wp\/v2\/users\/3"}],"replies":[{"embeddable":true,"href":"https:\/\/primicias2262.com\/noticias\/wp-json\/wp\/v2\/comments?post=97866"}],"version-history":[{"count":0,"href":"https:\/\/primicias2262.com\/noticias\/wp-json\/wp\/v2\/posts\/97866\/revisions"}],"wp:attachment":[{"href":"https:\/\/primicias2262.com\/noticias\/wp-json\/wp\/v2\/media?parent=97866"}],"wp:term":[{"taxonomy":"category","embeddable":true,"href":"https:\/\/primicias2262.com\/noticias\/wp-json\/wp\/v2\/categories?post=97866"},{"taxonomy":"post_tag","embeddable":true,"href":"https:\/\/primicias2262.com\/noticias\/wp-json\/wp\/v2\/tags?post=97866"}],"curies":[{"name":"wp","href":"https:\/\/api.w.org\/{rel}","templated":true}]}}