{"id":97871,"date":"2023-02-24T17:29:23","date_gmt":"2023-02-24T20:29:23","guid":{"rendered":"https:\/\/primicias2262.com\/?p=97871"},"modified":"2023-02-24T17:29:23","modified_gmt":"2023-02-24T20:29:23","slug":"en-la-vispera-del-evento-se-conocio-la-ultima-documentacion-relacionada-a-la-fiesta-bresh","status":"publish","type":"post","link":"https:\/\/primicias2262.com\/noticias\/en-la-vispera-del-evento-se-conocio-la-ultima-documentacion-relacionada-a-la-fiesta-bresh\/","title":{"rendered":"En la v\u00edspera del evento se conoci\u00f3 la \u00faltima documentaci\u00f3n relacionada a la Fiesta Bresh"},"content":{"rendered":"<p><strong>En el transcurso de este viernes, se conoci\u00f3 la \u00faltima documentaci\u00f3n relacionada a la Fiesta Bresh que se realizar\u00e1 este s\u00e1bado 25 en la cancha auxiliar de Villa D\u00edaz V\u00e9lez, y que cuenta con la autorizaci\u00f3n de la Municipalidad de Necochea.<\/strong><\/p>\n<p>A pocas horas de la Fiesta Bresh, prevista para este s\u00e1bado 25 de febrero en la cancha auxiliar del Club Villa D\u00edaz V\u00e9lez, cuya Escuela de Deportes est\u00e1 ubicada en 10 y 131, se ha completado en el d\u00eda de la fecha la documentaci\u00f3n vinculada a este evento.<\/p>\n<p>En los adjuntos que se pueden revisar en esta cr\u00f3nica se observa la <strong>autorizaci\u00f3n para la venta de bebidas alcoh\u00f3licas<\/strong> dentro de la cantina del lugar y el certificado de finalizaci\u00f3n de obra de <strong>medidas de seguridad contra incendio<\/strong>.<\/p>\n<p><a href=\"https:\/\/primicias2262.com\/wp-content\/uploads\/2023\/02\/venta-bebidas-alcoholicas.jpg\"><img loading=\"lazy\" decoding=\"async\" class=\"aligncenter size-full wp-image-97875\" src=\"https:\/\/primicias2262.com\/wp-content\/uploads\/2023\/02\/venta-bebidas-alcoholicas.jpg\" alt=\"\" width=\"715\" height=\"1024\" \/><\/a><\/p>\n<p><a href=\"https:\/\/primicias2262.com\/wp-content\/uploads\/2023\/02\/licencia-reba.jpg\"><img loading=\"lazy\" decoding=\"async\" class=\"aligncenter size-full wp-image-97876\" src=\"https:\/\/primicias2262.com\/wp-content\/uploads\/2023\/02\/licencia-reba.jpg\" alt=\"\" width=\"1024\" height=\"702\" \/><\/a><\/p>\n<p><a href=\"https:\/\/primicias2262.com\/wp-content\/uploads\/2023\/02\/asesoramiento-de-incendios1.jpg\"><img loading=\"lazy\" decoding=\"async\" class=\"aligncenter size-full wp-image-97873\" src=\"https:\/\/primicias2262.com\/wp-content\/uploads\/2023\/02\/asesoramiento-de-incendios1.jpg\" alt=\"\" width=\"765\" height=\"1024\" \/><\/a><\/p>\n<p><a href=\"https:\/\/primicias2262.com\/wp-content\/uploads\/2023\/02\/asesoramiento-de-incendios2.jpg\"><img loading=\"lazy\" decoding=\"async\" class=\"aligncenter size-full wp-image-97874\" src=\"https:\/\/primicias2262.com\/wp-content\/uploads\/2023\/02\/asesoramiento-de-incendios2.jpg\" alt=\"\" width=\"736\" height=\"1024\" \/><\/a><\/p>\n<p><strong>FOTO Portada: NdeN<\/strong><\/p>\n","protected":false},"excerpt":{"rendered":"<p>En el transcurso de este viernes, se conoci\u00f3 la \u00faltima documentaci\u00f3n relacionada a la Fiesta Bresh que se realizar\u00e1 este s\u00e1bado 25 en la cancha auxiliar de Villa D\u00edaz V\u00e9lez, y que cuenta con la autorizaci\u00f3n de la Municipalidad de Necochea. A pocas horas de la Fiesta Bresh, prevista para este s\u00e1bado 25 de febrero [&hellip;]<\/p>\n","protected":false},"author":3,"featured_media":97877,"comment_status":"closed","ping_status":"closed","sticky":false,"template":"","format":"standard","meta":{"footnotes":""},"categories":[3],"tags":[],"class_list":["post-97871","post","type-post","status-publish","format-standard","has-post-thumbnail","category-masnoticias"],"_links":{"self":[{"href":"https:\/\/primicias2262.com\/noticias\/wp-json\/wp\/v2\/posts\/97871","targetHints":{"allow":["GET"]}}],"collection":[{"href":"https:\/\/primicias2262.com\/noticias\/wp-json\/wp\/v2\/posts"}],"about":[{"href":"https:\/\/primicias2262.com\/noticias\/wp-json\/wp\/v2\/types\/post"}],"author":[{"embeddable":true,"href":"https:\/\/primicias2262.com\/noticias\/wp-json\/wp\/v2\/users\/3"}],"replies":[{"embeddable":true,"href":"https:\/\/primicias2262.com\/noticias\/wp-json\/wp\/v2\/comments?post=97871"}],"version-history":[{"count":0,"href":"https:\/\/primicias2262.com\/noticias\/wp-json\/wp\/v2\/posts\/97871\/revisions"}],"wp:attachment":[{"href":"https:\/\/primicias2262.com\/noticias\/wp-json\/wp\/v2\/media?parent=97871"}],"wp:term":[{"taxonomy":"category","embeddable":true,"href":"https:\/\/primicias2262.com\/noticias\/wp-json\/wp\/v2\/categories?post=97871"},{"taxonomy":"post_tag","embeddable":true,"href":"https:\/\/primicias2262.com\/noticias\/wp-json\/wp\/v2\/tags?post=97871"}],"curies":[{"name":"wp","href":"https:\/\/api.w.org\/{rel}","templated":true}]}}